{"id":18668,"date":"2020-04-28T13:42:48","date_gmt":"2020-04-28T13:42:48","guid":{"rendered":"https:\/\/procomservices.com\/?p=18668"},"modified":"2025-11-19T20:03:19","modified_gmt":"2025-11-19T20:03:19","slug":"comment-mettre-a-jour-votre-cv","status":"publish","type":"post","link":"https:\/\/procomservices.com\/fr-ca\/insights\/comment-mettre-a-jour-votre-cv\/","title":{"rendered":"Comment mettre \u00e0 jour votre CV"},"content":{"rendered":"\n<p class=\"wp-block-paragraph\">La main-d&#8217;\u0153uvre continue d&#8217;\u00e9voluer, et le lieu de travail avec elle, et la mise en forme du CV, les attentes en mati\u00e8re de contenu et les pratiques courantes ont chang\u00e9.&nbsp;<br>&nbsp;<br>Un CV bien con\u00e7u et adapt\u00e9 est l&#8217;outil le plus puissant dont dispose un candidat dans le processus de candidature, et sa mise en forme est essentielle pour \u00eatre trouv\u00e9 par les syst\u00e8mes de suivi des candidats que les recruteurs et les responsables de l&#8217;embauche utilisent pour trouver des talents, et pour donner une bonne premi\u00e8re impression professionnelle. &nbsp;<\/p>\n\n\n\n<p class=\"wp-block-paragraph\"><strong>Voici comment mettre \u00e0 jour votre CV pour qu&#8217;il soit trouv\u00e9 par l&#8217;ATS et par l&#8217;Agence europ\u00e9enne pour l&#8217;emploi.&nbsp;r\u00e9pond aux normes et aux attentes actuelles de l&#8217;employeur.<\/strong><\/p>\n\n\n\n<h3 class=\"wp-block-heading\">MISE \u00c0 JOUR DU FORMAT DU CURRICULUM VITAE<\/h3>\n\n\n\n<p class=\"wp-block-paragraph\">Formats de CV traditionnels et num\u00e9riques&nbsp;<br>Un CV num\u00e9rique peut \u00eatre impressionnant et, dans certains domaines comme le marketing et le design, il constitue un moyen efficace de mettre en valeur les comp\u00e9tences cr\u00e9atives. Mais le probl\u00e8me d&#8217;un CV infographique ou typographique, par exemple, est que les syst\u00e8mes de suivi des candidatures ne peuvent pas lire ce qui y est \u00e9crit, car la technologie est perturb\u00e9e par les graphiques, les ic\u00f4nes, les graphismes et le formatage fantaisistes utilis\u00e9s dans ces types de CV.&nbsp;&nbsp;<\/p>\n\n\n\n<p class=\"wp-block-paragraph\"><strong>Alors, comment faire passer votre CV dans l&#8217;ATS et dans le syst\u00e8me de gestion des candidatures ?&nbsp;dans les mains d&#8217;un responsable de recrutement ?<\/strong><\/p>\n\n\n\n<p class=\"wp-block-paragraph\">Si vous postulez en ligne sur le site web de l&#8217;entreprise, sur un portail d&#8217;offres d&#8217;emploi, sur une plateforme de m\u00e9dias sociaux ou sur toute autre application tierce, mettez \u00e0 jour votre CV pour qu&#8217;il contienne un&nbsp;<a href=\"https:\/\/procomstaging.kinsta.cloud\/fr-ca\/insights\/how-to-format-your-tech-resume-the-right-way\/\" target=\"_blank\" rel=\"noreferrer noopener\">C.V. traditionnel<\/a>&nbsp;format.&nbsp;<\/p>\n\n\n\n<h3 class=\"wp-block-heading\">CONTENU DE L&#8217;\u00c9COLE DE L&#8217;ANCIENNE : Voici ce qui suit<strong>qui doit rester<\/strong><\/h3>\n\n\n\n<p class=\"wp-block-paragraph\"><strong>Vos coordonn\u00e9es compl\u00e8tes<\/strong><\/p>\n\n\n\n<p class=\"wp-block-paragraph\">Indiquez toujours votre adresse postale compl\u00e8te, Y COMPRIS votre code postal. Les recruteurs utilisent un outil de recherche radiale par code postal pour trouver en premier lieu les candidats qualifi\u00e9s les plus proches du lieu de travail, avant de proc\u00e9der \u00e0 une deuxi\u00e8me s\u00e9rie de recherches. Si votre code postal n&#8217;est pas indiqu\u00e9, vous ne serez pas trouv\u00e9 lors de cette premi\u00e8re recherche (la plus importante) si le recruteur a trouv\u00e9 suffisamment de candidats qualifi\u00e9s. Veillez \u00e0 mettre \u00e0 jour votre CV avec vos coordonn\u00e9es compl\u00e8tes.<\/p>\n\n\n\n<p class=\"wp-block-paragraph\"><strong>Contenu de l&#8217;historique de travail par ordre chronologique<\/strong><\/p>\n\n\n\n<p class=\"wp-block-paragraph\">Veillez \u00e0 mettre \u00e0 jour votre CV de mani\u00e8re \u00e0 ce que vos ant\u00e9c\u00e9dents professionnels soient class\u00e9s par ordre chronologique, en commen\u00e7ant par le poste le plus r\u00e9cent, et \u00e0 inclure les quatre \u00e9l\u00e9ments d&#8217;information cl\u00e9s suivants : aper\u00e7u du projet, r\u00e9alisations quantifi\u00e9es, mots cl\u00e9s et langages de programmation utilis\u00e9s : Aper\u00e7u du projet, r\u00e9alisations quantifiables, mots-cl\u00e9s et langages de programmation utilis\u00e9s.&nbsp;<br><br>Toutefois, si vous avez une longue exp\u00e9rience professionnelle de plus de dix ans, ne mentionnez que le nom de l&#8217;entreprise, les dates et le titre sur votre CV. Vous pouvez \u00e9galement inclure un point indiquant des d\u00e9tails suppl\u00e9mentaires.<\/p>\n\n\n\n<h3 class=\"wp-block-heading\"><strong>\u00c9ducation<\/strong><\/h3>\n\n\n\n<p class=\"wp-block-paragraph\">Veillez \u00e0 mentionner votre formation post-secondaire et toute formation continue en rapport avec votre domaine d&#8217;int\u00e9r\u00eat sous la rubrique &#8220;ant\u00e9c\u00e9dents professionnels&#8221; de votre curriculum vitae. Avez-vous obtenu des certifications, des titres professionnels, des prix ou d&#8217;autres dipl\u00f4mes ? Veillez \u00e0 les mentionner \u00e9galement dans la mise \u00e0 jour de votre CV.&nbsp;<\/p>\n\n\n\n<p class=\"wp-block-paragraph\"><strong>Une police de base avec un texte unifi\u00e9<\/strong><\/p>\n\n\n\n<p class=\"wp-block-paragraph\">L&#8217;utilisation de polices de caract\u00e8res fantaisistes peut \u00eatre frustrante pour le lecteur et t\u00e9moigner d&#8217;un manque de discernement. Tenez-vous en \u00e0 quelque chose de basique et veillez \u00e0 ce que tout le texte soit unifi\u00e9 et d&#8217;une seule couleur.&nbsp;<\/p>\n\n\n\n<h3 class=\"wp-block-heading\">CE QU&#8217;IL FAUT ENLEVER<\/h3>\n\n\n\n<p class=\"wp-block-paragraph\"><strong>En-t\u00eates et pieds de page<\/strong><\/p>\n\n\n\n<p class=\"wp-block-paragraph\">Tous les syst\u00e8mes de suivi des candidatures et tous les analyseurs ne sont pas cr\u00e9\u00e9s de la m\u00eame mani\u00e8re. Un ATS ne peut pas lire ce qui est \u00e9crit dans les en-t\u00eates ou les pieds de page, donc si vous avez inclus vos coordonn\u00e9es dans l&#8217;un ou l&#8217;autre, votre CV ne sera pas trouv\u00e9. Si vous avez inclus vos coordonn\u00e9es dans l&#8217;un ou l&#8217;autre de ces \u00e9l\u00e9ments, votre CV ne sera pas trouv\u00e9. Au lieu de cela, laissez les en-t\u00eates et les pieds de page de c\u00f4t\u00e9 et incluez vos coordonn\u00e9es compl\u00e8tes en haut de chaque page.&nbsp;<br><br>Les recruteurs et les employeurs effectuent des recherches radiales par code postal afin de trouver en premier lieu les candidats qualifi\u00e9s les plus proches du site d&#8217;emploi.&nbsp;<\/p>\n\n\n\n<p class=\"wp-block-paragraph\"><strong>Loisirs et centres d&#8217;int\u00e9r\u00eat<\/strong><\/p>\n\n\n\n<p class=\"wp-block-paragraph\">Sur les CV professionnels, ce point peut \u00eatre un peu d\u00e9licat, mais si vos loisirs et vos centres d&#8217;int\u00e9r\u00eat ne sont pas li\u00e9s \u00e0 l&#8217;emploi auquel vous postulez, il peut \u00eatre pr\u00e9f\u00e9rable de ne pas les mentionner dans votre CV et de garder cette pr\u00e9cieuse partie de l&#8217;espace pour \u00e9num\u00e9rer d&#8217;autres r\u00e9alisations quantifiables \u00e0 la place.<\/p>\n\n\n\n<p class=\"wp-block-paragraph\"><strong>R\u00e9f\u00e9rences disponibles sur demande<\/strong><\/p>\n\n\n\n<p class=\"wp-block-paragraph\">L&#8217;espace du CV est pr\u00e9cieux, et les recruteurs et les employeurs supposent d\u00e9j\u00e0 que vous avez des r\u00e9f\u00e9rences. Par cons\u00e9quent, ne mentionnez pas cette d\u00e9claration dans votre CV et remplissez plut\u00f4t l&#8217;espace avec vos r\u00e9alisations quantifiables.&nbsp;<\/p>\n\n\n\n<p class=\"wp-block-paragraph\"><strong>QUE FAUT-IL REMPLACER ?<\/strong><\/p>\n\n\n\n<p class=\"wp-block-paragraph\">Retirer : Objectif&nbsp;<br>Remplacer par : Titre&nbsp;<br><br>Remplacez un long r\u00e9sum\u00e9 par un texte percutant.&nbsp;<a href=\"https:\/\/procomstaging.kinsta.cloud\/fr-ca\/insights\/news\/3-tips-writing-resume-headline-works-0\/\" target=\"_blank\" rel=\"noreferrer noopener\">titre<\/a>. Un recruteur ou un responsable du recrutement ne consacre que sept secondes \u00e0 la lecture d&#8217;un CV avant de d\u00e9cider de le poursuivre ou de l&#8217;\u00e9carter, vous devez donc gagner et conserver son int\u00e9r\u00eat &#8211; rapidement !&nbsp;&nbsp;&nbsp;<br><br>Supprimer : format .PDF&nbsp;<br>Remplacer par : Word .doc<br><br>Lorsque vous postulez \u00e0 un emploi par l&#8217;interm\u00e9diaire d&#8217;une agence de recrutement, adaptez toujours votre CV \u00e0 chaque poste auquel vous postulez, puis sauvegardez-le au format Word plut\u00f4t qu&#8217;au format PDF avant de l&#8217;envoyer. Les recruteurs doivent supprimer certaines coordonn\u00e9es de votre CV avant de le soumettre \u00e0 leur client, et un document Word est beaucoup plus facile et rapide \u00e0 traiter qu&#8217;un fichier PDF.&nbsp;<br><br>Retirer :<strong>&nbsp;<\/strong>Des mentions telles que &#8220;responsable de&#8221; ou &#8220;les fonctions comprennent&#8221; &nbsp;<br>Remplacer par : Des d\u00e9clarations avec des verbes d&#8217;action et des r\u00e9alisations quantifiables&nbsp;<br><br>Ce que vous avez accompli dans vos fonctions pr\u00e9c\u00e9dentes est bien plus important que ce pour quoi vous avez \u00e9t\u00e9 embauch\u00e9. Vous devez donc&nbsp;<a href=\"https:\/\/procomstaging.kinsta.cloud\/fr-ca\/insights\/the-questions-every-candidate-should-ask-0-0\/\" target=\"_blank\" rel=\"noreferrer noopener\">d\u00e9montrera<\/a>&nbsp;vos r\u00e9alisations avec des r\u00e9alisations quantifiables.&nbsp;&nbsp;&nbsp;<br><br>Ennuyeux : Responsable de l&#8217;augmentation du trafic sur les m\u00e9dias sociaux.<br>Mieux :<strong>&nbsp;<\/strong>Augmentation du trafic sur les m\u00e9dias sociaux de 30 % au cours des 90 premiers jours, g\u00e9n\u00e9rant de nouvelles pistes commerciales et une augmentation de 5 % des conversions.&nbsp;<br><br>Supprimez : Les clich\u00e9s surann\u00e9s tels que &#8220;Apprentissage rapide&#8221; ou &#8220;Fonceur&#8221;.&nbsp;<br>Remplacer par : Des d\u00e9clarations avec des verbes d&#8217;action et des r\u00e9alisations quantifiables&nbsp;&nbsp;<br><br>D\u00e9clarer que vous apprenez vite ou que vous \u00eates fonceur ne signifie rien sans contexte. Qu&#8217;avez-vous appris, comment avez-vous appris, dans quel d\u00e9lai, comment cela vous a-t-il aid\u00e9 \u00e0 r\u00e9ussir dans votre travail ? Les recruteurs et les gestionnaires d&#8217;embauche s&#8217;appuient sur des d\u00e9clarations quantifiables. Veillez donc \u00e0 toujours utiliser des chiffres, des pourcentages et des dates.<br><br>De m\u00eame, un responsable du recrutement s&#8217;attend \u00e0 ce que vous souhaitiez obtenir des r\u00e9sultats et vous entendre avec vos coll\u00e8gues, il n&#8217;est donc pas n\u00e9cessaire de le pr\u00e9ciser dans votre CV. En revanche, l&#8217;utilisation de termes tels que &#8220;environnement comp\u00e9titif&#8221; d\u00e9montre votre capacit\u00e9 \u00e0 produire sous un certain niveau de pression et \u00e0 atteindre des objectifs individuels et collectifs.&nbsp;&nbsp;<\/p>\n\n\n\n<h3 class=\"wp-block-heading\">CONTENU DE LA NOUVELLE \u00c9COLE : voici ce qu&#8217;il faut ajouter<\/h3>\n\n\n\n<p class=\"wp-block-paragraph\">R\u00e9sum\u00e9 des comp\u00e9tences techniques<\/p>\n\n\n\n<p class=\"wp-block-paragraph\">Orientez le lecteur vers vos qualifications techniques en incluant une liste \u00e0 puces qui d\u00e9taille les langages de programmation et\/ou les technologies que vous avez utilis\u00e9s. Bien que ces informations figurent dans le corps de votre historique professionnel, elles doivent \u00e9galement faire l&#8217;objet d&#8217;une section distincte dans votre CV.<\/p>\n\n\n\n<p class=\"wp-block-paragraph\"><strong>Mots cl\u00e9s<\/strong><\/p>\n\n\n\n<p class=\"wp-block-paragraph\">Les mots-cl\u00e9s sont essentiels \u00e0 votre candidature, car sans eux dans votre CV, l&#8217;ATS ne trouvera pas vos comp\u00e9tences ou votre exp\u00e9rience.&nbsp;<a href=\"https:\/\/procomstaging.kinsta.cloud\/fr-ca\/insights\/news\/how-to-seo-your-resume-like-a-pro-staffing-agency-advice-0-0\/\" target=\"_blank\" rel=\"noreferrer noopener\">Mots-cl\u00e9s du CV<\/a>&nbsp;sont les comp\u00e9tences et les qualifications utilis\u00e9es dans la description de poste originale qui doivent \u00eatre refl\u00e9t\u00e9es dans votre CV.&nbsp;<\/p>\n\n\n\n<p class=\"wp-block-paragraph\"><strong>Lien vers le portfolio en ligne<\/strong><\/p>\n\n\n\n<p class=\"wp-block-paragraph\">Si vous postulez \u00e0 un poste cr\u00e9atif pour lequel vous devrez pr\u00e9senter des \u00e9chantillons de votre travail, ajoutez un lien vers votre portfolio en ligne dans la section &#8220;coordonn\u00e9es&#8221; de votre CV.&nbsp;<\/p>\n\n\n\n<p class=\"wp-block-paragraph\"><strong>Manches dans les m\u00e9dias sociaux<\/strong><\/p>\n\n\n\n<p class=\"wp-block-paragraph\">Comme pour l&#8217;inclusion de votre&nbsp;<a href=\"https:\/\/www.google.com\/aclk?sa=l&amp;ai=DChcSEwjC_bzRzYvpAhW6_-MHHZsrCrsYABADGgJ5bQ&amp;sig=AOD64_1e7kOOBa4lJ74WOhP9WGvHJDVFXQ&amp;q=&amp;ved=2ahUKEwiUurPRzYvpAhXUB50JHdRiB2EQ0Qx6BAgYEAE&amp;adurl=\" target=\"_blank\" rel=\"noreferrer noopener\">portefeuille en ligne<\/a>Si vous postulez pour un poste dans le domaine des m\u00e9dias sociaux, vous pouvez inclure des noms de domaine professionnels sous lesquels vous avez travaill\u00e9. Ils vous donneront une indication en temps r\u00e9el de votre travail et de vos r\u00e9sultats.&nbsp;&nbsp;<br><br>Lorsqu&#8217;un recruteur re\u00e7oit 250 CV dans sa bo\u00eete de r\u00e9ception par poste vacant, le v\u00f4tre doit se d\u00e9marquer (pour les bonnes raisons) afin que vous puissiez obtenir un entretien. La pand\u00e9mie mondiale de COVID-19 a cr\u00e9\u00e9 une situation sans pr\u00e9c\u00e9dent. Nous vivons une p\u00e9riode \u00e9prouvante alors que nous naviguons collectivement dans cette nouvelle r\u00e9alit\u00e9. D&#8217;abord et avant tout, nous sommes tous dans le m\u00eame bateau et nous sommes l\u00e0 pour vous aider.<\/p>\n\n\n\n<p class=\"wp-block-paragraph\">Si vous vous trouvez au beau milieu d&#8217;une recherche d&#8217;emploi inattendue, vous pouvez consulter la liste de nos offres d&#8217;emploi actuelles ci-dessous.&nbsp;<\/p>\n\n\n\n<p class=\"wp-block-paragraph\"><a href=\"https:\/\/portal.procomservices.com\/jobs?loginType=contractor&amp;lang=fr\">Trouver un emploi<\/a><\/p>\n\n\n\n        <style>\n            [data-hsfc-id=Renderer] .hsfc-Step .hsfc-Step__Content {\n                padding-top: 0;\n            }\n            [data-hsfc-id=Renderer] .hsfc-PostSubmit .hsfc-RichText {\n                display: block;\n            }\n\t\t\t.content-single .hs-form-html .hsfc-RichText span {\n            \tcolor: #fff;\n            }\n            #form-heading {\n                background-image: linear-gradient(to left, rgb(0, 92, 185), rgb(0, 23, 46));\n                margin-bottom: 0;\n                font-weight: 700;\n\t\t\t\tfont-size: 42px !important;\n                line-height: 50.4px;\n                color: #fff;\n                text-align: center;\n\n                padding-top: 40px;\n\t\t\t\tpadding-left: 40px;\n\t\t\t\tpadding-right: 40px;\n            }\n\t\t\t#form-heading +div{\n\t\t\t\tmargin-top: 0px;\n\t\t\t}\n\t\t\t:root :where(.is-layout-flow.no-marg-t) > * {\n\t\t\t\tmargin-top: 0 !important;\n\t\t\t}\n\t\t\t.wp-block-group.hs-form-group {\n\t\t\t\tdisplay: block;\n\t\t\t}\n\t\t\t.wp-block-group.hs-form-group.is-visible {\n\t\t\t\tdisplay: block;\n\t\t\t}\n        <\/style>\n\n        <div class=\"\" id=\"form-heading\">\n            Pr\u00eat \u00e0 vous connecter ?        <\/div>\n\n        <script \n            src=\"https:\/\/js.hsforms.net\/forms\/embed\/developer\/3013010.js\"\n            defer>\n        <\/script>\n\n        <div class=\"hs-form-html 3b73dba1-c657-4b7a-9e28-e7a79eefc625\"\n             data-region=\"na1\"\n             data-form-id=\"3b73dba1-c657-4b7a-9e28-e7a79eefc625\"\n             data-portal-id=\"3013010\">\n        <\/div>\n\n\t\t\n        \n","protected":false},"excerpt":{"rendered":"<p>La main-d&#8217;\u0153uvre continue d&#8217;\u00e9voluer, et le lieu de travail avec elle, et la mise en forme du CV, les attentes en mati\u00e8re de contenu et les pratiques courantes ont chang\u00e9.&nbsp;&nbsp;Un CV bien con\u00e7u et adapt\u00e9 est l&#8217;outil le plus puissant dont dispose un candidat dans le processus de candidature, et sa mise en forme est&#8230;<\/p>\n","protected":false},"author":21,"featured_media":1670,"comment_status":"closed","ping_status":"closed","sticky":false,"template":"","format":"standard","meta":{"_acf_changed":false,"_crdt_document":"","inline_featured_image":false,"footnotes":""},"categories":[1038],"tags":[1064],"class_list":["post-18668","post","type-post","status-publish","format-standard","has-post-thumbnail","hentry","category-chercheureuses-demploi"],"acf":[],"yoast_head":"<!-- This site is optimized with the Yoast SEO plugin v27.1.1 - https:\/\/yoast.com\/product\/yoast-seo-wordpress\/ -->\n<title>Comment mettre \u00e0 jour efficacement votre CV | Procom<\/title>\n<meta name=\"description\" content=\"Apprenez \u00e0 mettre \u00e0 jour votre CV pour vous d\u00e9marquer. Mettez en valeur vos comp\u00e9tences et vos r\u00e9alisations pour attirer des opportunit\u00e9s.\" \/>\n<meta name=\"robots\" content=\"index, follow, max-snippet:-1, max-image-preview:large, max-video-preview:-1\" \/>\n<link rel=\"canonical\" href=\"https:\/\/procomservices.com\/fr-ca\/insights\/comment-mettre-a-jour-votre-cv\/\" \/>\n<meta property=\"og:locale\" content=\"fr_CA\" \/>\n<meta property=\"og:type\" content=\"article\" \/>\n<meta property=\"og:title\" content=\"Comment mettre \u00e0 jour efficacement votre CV | Procom\" \/>\n<meta property=\"og:description\" content=\"Apprenez \u00e0 mettre \u00e0 jour votre CV pour vous d\u00e9marquer. Mettez en valeur vos comp\u00e9tences et vos r\u00e9alisations pour attirer des opportunit\u00e9s.\" \/>\n<meta property=\"og:url\" content=\"https:\/\/procomservices.com\/fr-ca\/insights\/comment-mettre-a-jour-votre-cv\/\" \/>\n<meta property=\"og:site_name\" content=\"Procom\" \/>\n<meta property=\"article:publisher\" content=\"https:\/\/www.facebook.com\/ProcomConsultantsGroup\/\" \/>\n<meta property=\"article:published_time\" content=\"2020-04-28T13:42:48+00:00\" \/>\n<meta property=\"article:modified_time\" content=\"2025-11-19T20:03:19+00:00\" \/>\n<meta property=\"og:image\" content=\"https:\/\/procomservices.com\/wp-content\/uploads\/2025\/06\/update-resume.jpeg\" \/>\n\t<meta property=\"og:image:width\" content=\"500\" \/>\n\t<meta property=\"og:image:height\" content=\"500\" \/>\n\t<meta property=\"og:image:type\" content=\"image\/jpeg\" \/>\n<meta name=\"author\" content=\"Dylan.Fedy@Procomservices.com\" \/>\n<meta name=\"twitter:card\" content=\"summary_large_image\" \/>\n<meta name=\"twitter:creator\" content=\"@Procom\" \/>\n<meta name=\"twitter:site\" content=\"@Procom\" \/>\n<meta name=\"twitter:label1\" content=\"Written by\" \/>\n\t<meta name=\"twitter:data1\" content=\"Dylan.Fedy@Procomservices.com\" \/>\n\t<meta name=\"twitter:label2\" content=\"Est. reading time\" \/>\n\t<meta name=\"twitter:data2\" content=\"9 minutes\" \/>\n<script type=\"application\/ld+json\" class=\"yoast-schema-graph\">{\"@context\":\"https:\/\/schema.org\",\"@graph\":[{\"@type\":\"Article\",\"@id\":\"https:\/\/procomservices.com\/fr-ca\/insights\/comment-mettre-a-jour-votre-cv\/#article\",\"isPartOf\":{\"@id\":\"https:\/\/procomservices.com\/fr-ca\/insights\/comment-mettre-a-jour-votre-cv\/\"},\"author\":{\"name\":\"Dylan.Fedy@Procomservices.com\",\"@id\":\"https:\/\/procomservices.com\/fr-ca\/#\/schema\/person\/2bce332c68bf16842df6b2b00efd189c\"},\"headline\":\"Comment mettre \u00e0 jour votre CV\",\"datePublished\":\"2020-04-28T13:42:48+00:00\",\"dateModified\":\"2025-11-19T20:03:19+00:00\",\"mainEntityOfPage\":{\"@id\":\"https:\/\/procomservices.com\/fr-ca\/insights\/comment-mettre-a-jour-votre-cv\/\"},\"wordCount\":1704,\"publisher\":{\"@id\":\"https:\/\/procomservices.com\/fr-ca\/#organization\"},\"image\":{\"@id\":\"https:\/\/procomservices.com\/fr-ca\/insights\/comment-mettre-a-jour-votre-cv\/#primaryimage\"},\"thumbnailUrl\":\"https:\/\/procomservices.com\/wp-content\/uploads\/2025\/06\/update-resume.jpeg\",\"keywords\":[\"Chercheur\u00b7euses d\u2019emploi\"],\"articleSection\":[\"Chercheur\u00b7euses d'emploi\"],\"inLanguage\":\"fr-ca\"},{\"@type\":\"WebPage\",\"@id\":\"https:\/\/procomservices.com\/fr-ca\/insights\/comment-mettre-a-jour-votre-cv\/\",\"url\":\"https:\/\/procomservices.com\/fr-ca\/insights\/comment-mettre-a-jour-votre-cv\/\",\"name\":\"Comment mettre \u00e0 jour efficacement votre CV | Procom\",\"isPartOf\":{\"@id\":\"https:\/\/procomservices.com\/fr-ca\/#website\"},\"primaryImageOfPage\":{\"@id\":\"https:\/\/procomservices.com\/fr-ca\/insights\/comment-mettre-a-jour-votre-cv\/#primaryimage\"},\"image\":{\"@id\":\"https:\/\/procomservices.com\/fr-ca\/insights\/comment-mettre-a-jour-votre-cv\/#primaryimage\"},\"thumbnailUrl\":\"https:\/\/procomservices.com\/wp-content\/uploads\/2025\/06\/update-resume.jpeg\",\"datePublished\":\"2020-04-28T13:42:48+00:00\",\"dateModified\":\"2025-11-19T20:03:19+00:00\",\"description\":\"Apprenez \u00e0 mettre \u00e0 jour votre CV pour vous d\u00e9marquer. Mettez en valeur vos comp\u00e9tences et vos r\u00e9alisations pour attirer des opportunit\u00e9s.\",\"breadcrumb\":{\"@id\":\"https:\/\/procomservices.com\/fr-ca\/insights\/comment-mettre-a-jour-votre-cv\/#breadcrumb\"},\"inLanguage\":\"fr-ca\",\"potentialAction\":[{\"@type\":\"ReadAction\",\"target\":[\"https:\/\/procomservices.com\/fr-ca\/insights\/comment-mettre-a-jour-votre-cv\/\"]}]},{\"@type\":\"ImageObject\",\"inLanguage\":\"fr-ca\",\"@id\":\"https:\/\/procomservices.com\/fr-ca\/insights\/comment-mettre-a-jour-votre-cv\/#primaryimage\",\"url\":\"https:\/\/procomservices.com\/wp-content\/uploads\/2025\/06\/update-resume.jpeg\",\"contentUrl\":\"https:\/\/procomservices.com\/wp-content\/uploads\/2025\/06\/update-resume.jpeg\",\"width\":500,\"height\":500},{\"@type\":\"BreadcrumbList\",\"@id\":\"https:\/\/procomservices.com\/fr-ca\/insights\/comment-mettre-a-jour-votre-cv\/#breadcrumb\",\"itemListElement\":[{\"@type\":\"ListItem\",\"position\":1,\"name\":\"Home\",\"item\":\"https:\/\/procomservices.com\/fr-ca\/\"},{\"@type\":\"ListItem\",\"position\":2,\"name\":\"Comment mettre \u00e0 jour votre CV\"}]},{\"@type\":\"WebSite\",\"@id\":\"https:\/\/procomservices.com\/fr-ca\/#website\",\"url\":\"https:\/\/procomservices.com\/fr-ca\/\",\"name\":\"Procom\",\"description\":\"\",\"publisher\":{\"@id\":\"https:\/\/procomservices.com\/fr-ca\/#organization\"},\"potentialAction\":[{\"@type\":\"SearchAction\",\"target\":{\"@type\":\"EntryPoint\",\"urlTemplate\":\"https:\/\/procomservices.com\/fr-ca\/?s={search_term_string}\"},\"query-input\":{\"@type\":\"PropertyValueSpecification\",\"valueRequired\":true,\"valueName\":\"search_term_string\"}}],\"inLanguage\":\"fr-ca\"},{\"@type\":\"Organization\",\"@id\":\"https:\/\/procomservices.com\/fr-ca\/#organization\",\"name\":\"Procom\",\"url\":\"https:\/\/procomservices.com\/fr-ca\/\",\"logo\":{\"@type\":\"ImageObject\",\"inLanguage\":\"fr-ca\",\"@id\":\"https:\/\/procomservices.com\/fr-ca\/#\/schema\/logo\/image\/\",\"url\":\"https:\/\/procomservices.com\/wp-content\/uploads\/2025\/09\/Procom_Logomark_CMYK@2x.jpg\",\"contentUrl\":\"https:\/\/procomservices.com\/wp-content\/uploads\/2025\/09\/Procom_Logomark_CMYK@2x.jpg\",\"width\":1205,\"height\":807,\"caption\":\"Procom\"},\"image\":{\"@id\":\"https:\/\/procomservices.com\/fr-ca\/#\/schema\/logo\/image\/\"},\"sameAs\":[\"https:\/\/www.facebook.com\/ProcomConsultantsGroup\/\",\"https:\/\/x.com\/Procom\"]},{\"@type\":\"Person\",\"@id\":\"https:\/\/procomservices.com\/fr-ca\/#\/schema\/person\/2bce332c68bf16842df6b2b00efd189c\",\"name\":\"Dylan.Fedy@Procomservices.com\",\"image\":{\"@type\":\"ImageObject\",\"inLanguage\":\"fr-ca\",\"@id\":\"https:\/\/procomservices.com\/fr-ca\/#\/schema\/person\/image\/\",\"url\":\"https:\/\/secure.gravatar.com\/avatar\/9d8bdb884bad794f1da0b4c86f3b2ea2d1c14732916592784f8af4d706e4bf64?s=96&d=mm&r=g\",\"contentUrl\":\"https:\/\/secure.gravatar.com\/avatar\/9d8bdb884bad794f1da0b4c86f3b2ea2d1c14732916592784f8af4d706e4bf64?s=96&d=mm&r=g\",\"caption\":\"Dylan.Fedy@Procomservices.com\"}}]}<\/script>\n<!-- \/ Yoast SEO plugin. -->","yoast_head_json":{"title":"Comment mettre \u00e0 jour efficacement votre CV | Procom","description":"Apprenez \u00e0 mettre \u00e0 jour votre CV pour vous d\u00e9marquer. Mettez en valeur vos comp\u00e9tences et vos r\u00e9alisations pour attirer des opportunit\u00e9s.","robots":{"index":"index","follow":"follow","max-snippet":"max-snippet:-1","max-image-preview":"max-image-preview:large","max-video-preview":"max-video-preview:-1"},"canonical":"https:\/\/procomservices.com\/fr-ca\/insights\/comment-mettre-a-jour-votre-cv\/","og_locale":"fr_CA","og_type":"article","og_title":"Comment mettre \u00e0 jour efficacement votre CV | Procom","og_description":"Apprenez \u00e0 mettre \u00e0 jour votre CV pour vous d\u00e9marquer. Mettez en valeur vos comp\u00e9tences et vos r\u00e9alisations pour attirer des opportunit\u00e9s.","og_url":"https:\/\/procomservices.com\/fr-ca\/insights\/comment-mettre-a-jour-votre-cv\/","og_site_name":"Procom","article_publisher":"https:\/\/www.facebook.com\/ProcomConsultantsGroup\/","article_published_time":"2020-04-28T13:42:48+00:00","article_modified_time":"2025-11-19T20:03:19+00:00","og_image":[{"width":500,"height":500,"url":"https:\/\/procomservices.com\/wp-content\/uploads\/2025\/06\/update-resume.jpeg","type":"image\/jpeg"}],"author":"Dylan.Fedy@Procomservices.com","twitter_card":"summary_large_image","twitter_creator":"@Procom","twitter_site":"@Procom","twitter_misc":{"Written by":"Dylan.Fedy@Procomservices.com","Est. reading time":"9 minutes"},"schema":{"@context":"https:\/\/schema.org","@graph":[{"@type":"Article","@id":"https:\/\/procomservices.com\/fr-ca\/insights\/comment-mettre-a-jour-votre-cv\/#article","isPartOf":{"@id":"https:\/\/procomservices.com\/fr-ca\/insights\/comment-mettre-a-jour-votre-cv\/"},"author":{"name":"Dylan.Fedy@Procomservices.com","@id":"https:\/\/procomservices.com\/fr-ca\/#\/schema\/person\/2bce332c68bf16842df6b2b00efd189c"},"headline":"Comment mettre \u00e0 jour votre CV","datePublished":"2020-04-28T13:42:48+00:00","dateModified":"2025-11-19T20:03:19+00:00","mainEntityOfPage":{"@id":"https:\/\/procomservices.com\/fr-ca\/insights\/comment-mettre-a-jour-votre-cv\/"},"wordCount":1704,"publisher":{"@id":"https:\/\/procomservices.com\/fr-ca\/#organization"},"image":{"@id":"https:\/\/procomservices.com\/fr-ca\/insights\/comment-mettre-a-jour-votre-cv\/#primaryimage"},"thumbnailUrl":"https:\/\/procomservices.com\/wp-content\/uploads\/2025\/06\/update-resume.jpeg","keywords":["Chercheur\u00b7euses d\u2019emploi"],"articleSection":["Chercheur\u00b7euses d'emploi"],"inLanguage":"fr-ca"},{"@type":"WebPage","@id":"https:\/\/procomservices.com\/fr-ca\/insights\/comment-mettre-a-jour-votre-cv\/","url":"https:\/\/procomservices.com\/fr-ca\/insights\/comment-mettre-a-jour-votre-cv\/","name":"Comment mettre \u00e0 jour efficacement votre CV | Procom","isPartOf":{"@id":"https:\/\/procomservices.com\/fr-ca\/#website"},"primaryImageOfPage":{"@id":"https:\/\/procomservices.com\/fr-ca\/insights\/comment-mettre-a-jour-votre-cv\/#primaryimage"},"image":{"@id":"https:\/\/procomservices.com\/fr-ca\/insights\/comment-mettre-a-jour-votre-cv\/#primaryimage"},"thumbnailUrl":"https:\/\/procomservices.com\/wp-content\/uploads\/2025\/06\/update-resume.jpeg","datePublished":"2020-04-28T13:42:48+00:00","dateModified":"2025-11-19T20:03:19+00:00","description":"Apprenez \u00e0 mettre \u00e0 jour votre CV pour vous d\u00e9marquer. Mettez en valeur vos comp\u00e9tences et vos r\u00e9alisations pour attirer des opportunit\u00e9s.","breadcrumb":{"@id":"https:\/\/procomservices.com\/fr-ca\/insights\/comment-mettre-a-jour-votre-cv\/#breadcrumb"},"inLanguage":"fr-ca","potentialAction":[{"@type":"ReadAction","target":["https:\/\/procomservices.com\/fr-ca\/insights\/comment-mettre-a-jour-votre-cv\/"]}]},{"@type":"ImageObject","inLanguage":"fr-ca","@id":"https:\/\/procomservices.com\/fr-ca\/insights\/comment-mettre-a-jour-votre-cv\/#primaryimage","url":"https:\/\/procomservices.com\/wp-content\/uploads\/2025\/06\/update-resume.jpeg","contentUrl":"https:\/\/procomservices.com\/wp-content\/uploads\/2025\/06\/update-resume.jpeg","width":500,"height":500},{"@type":"BreadcrumbList","@id":"https:\/\/procomservices.com\/fr-ca\/insights\/comment-mettre-a-jour-votre-cv\/#breadcrumb","itemListElement":[{"@type":"ListItem","position":1,"name":"Home","item":"https:\/\/procomservices.com\/fr-ca\/"},{"@type":"ListItem","position":2,"name":"Comment mettre \u00e0 jour votre CV"}]},{"@type":"WebSite","@id":"https:\/\/procomservices.com\/fr-ca\/#website","url":"https:\/\/procomservices.com\/fr-ca\/","name":"Procom","description":"","publisher":{"@id":"https:\/\/procomservices.com\/fr-ca\/#organization"},"potentialAction":[{"@type":"SearchAction","target":{"@type":"EntryPoint","urlTemplate":"https:\/\/procomservices.com\/fr-ca\/?s={search_term_string}"},"query-input":{"@type":"PropertyValueSpecification","valueRequired":true,"valueName":"search_term_string"}}],"inLanguage":"fr-ca"},{"@type":"Organization","@id":"https:\/\/procomservices.com\/fr-ca\/#organization","name":"Procom","url":"https:\/\/procomservices.com\/fr-ca\/","logo":{"@type":"ImageObject","inLanguage":"fr-ca","@id":"https:\/\/procomservices.com\/fr-ca\/#\/schema\/logo\/image\/","url":"https:\/\/procomservices.com\/wp-content\/uploads\/2025\/09\/Procom_Logomark_CMYK@2x.jpg","contentUrl":"https:\/\/procomservices.com\/wp-content\/uploads\/2025\/09\/Procom_Logomark_CMYK@2x.jpg","width":1205,"height":807,"caption":"Procom"},"image":{"@id":"https:\/\/procomservices.com\/fr-ca\/#\/schema\/logo\/image\/"},"sameAs":["https:\/\/www.facebook.com\/ProcomConsultantsGroup\/","https:\/\/x.com\/Procom"]},{"@type":"Person","@id":"https:\/\/procomservices.com\/fr-ca\/#\/schema\/person\/2bce332c68bf16842df6b2b00efd189c","name":"Dylan.Fedy@Procomservices.com","image":{"@type":"ImageObject","inLanguage":"fr-ca","@id":"https:\/\/procomservices.com\/fr-ca\/#\/schema\/person\/image\/","url":"https:\/\/secure.gravatar.com\/avatar\/9d8bdb884bad794f1da0b4c86f3b2ea2d1c14732916592784f8af4d706e4bf64?s=96&d=mm&r=g","contentUrl":"https:\/\/secure.gravatar.com\/avatar\/9d8bdb884bad794f1da0b4c86f3b2ea2d1c14732916592784f8af4d706e4bf64?s=96&d=mm&r=g","caption":"Dylan.Fedy@Procomservices.com"}}]}},"_links":{"self":[{"href":"https:\/\/procomservices.com\/fr-ca\/wp-json\/wp\/v2\/posts\/18668","targetHints":{"allow":["GET"]}}],"collection":[{"href":"https:\/\/procomservices.com\/fr-ca\/wp-json\/wp\/v2\/posts"}],"about":[{"href":"https:\/\/procomservices.com\/fr-ca\/wp-json\/wp\/v2\/types\/post"}],"author":[{"embeddable":true,"href":"https:\/\/procomservices.com\/fr-ca\/wp-json\/wp\/v2\/users\/21"}],"replies":[{"embeddable":true,"href":"https:\/\/procomservices.com\/fr-ca\/wp-json\/wp\/v2\/comments?post=18668"}],"version-history":[{"count":3,"href":"https:\/\/procomservices.com\/fr-ca\/wp-json\/wp\/v2\/posts\/18668\/revisions"}],"predecessor-version":[{"id":23014,"href":"https:\/\/procomservices.com\/fr-ca\/wp-json\/wp\/v2\/posts\/18668\/revisions\/23014"}],"wp:featuredmedia":[{"embeddable":true,"href":"https:\/\/procomservices.com\/fr-ca\/wp-json\/wp\/v2\/media\/1670"}],"wp:attachment":[{"href":"https:\/\/procomservices.com\/fr-ca\/wp-json\/wp\/v2\/media?parent=18668"}],"wp:term":[{"taxonomy":"category","embeddable":true,"href":"https:\/\/procomservices.com\/fr-ca\/wp-json\/wp\/v2\/categories?post=18668"},{"taxonomy":"post_tag","embeddable":true,"href":"https:\/\/procomservices.com\/fr-ca\/wp-json\/wp\/v2\/tags?post=18668"}],"curies":[{"name":"wp","href":"https:\/\/api.w.org\/{rel}","templated":true}]}}