{"id":18760,"date":"2023-09-18T09:00:11","date_gmt":"2023-09-18T09:00:11","guid":{"rendered":"https:\/\/procomservices.com\/addressing-pay-compression-balancing-internal-equity-and-external-market-factors\/"},"modified":"2026-01-27T19:02:37","modified_gmt":"2026-01-27T19:02:37","slug":"lutter-contre-la-compression-salariale-equilibrer-lequite-interne-et-les-facteurs-externes-du-marche","status":"publish","type":"post","link":"https:\/\/procomservices.com\/fr-ca\/insights\/lutter-contre-la-compression-salariale-equilibrer-lequite-interne-et-les-facteurs-externes-du-marche\/","title":{"rendered":"Lutter contre la compression salariale : \u00e9quilibrer l&#8217;\u00e9quit\u00e9 interne et les facteurs externes du march\u00e9"},"content":{"rendered":"\n<p class=\"wp-block-paragraph\">La compression salariale fait r\u00e9f\u00e9rence \u00e0 un sc\u00e9nario de r\u00e9mun\u00e9ration dans lequel la diff\u00e9rence de salaire entre les talents occupant divers postes ou niveaux de poste devient relativement faible, en d\u00e9pit des diff\u00e9rences d&#8217;exp\u00e9rience, de comp\u00e9tences ou de responsabilit\u00e9s. Cela peut se produire lorsque de nouvelles recrues sont embauch\u00e9es \u00e0 des salaires ou des taux de r\u00e9mun\u00e9ration proches ou m\u00eame sup\u00e9rieurs \u00e0 ceux des travailleur\u00b7euses existant\u00b7es qui sont dans l&#8217;organisation depuis plus longtemps ou qui occupent des postes plus \u00e9lev\u00e9s.<\/p>\n\n\n\n<p class=\"wp-block-paragraph\">La compression salariale peut entra\u00eener des in\u00e9galit\u00e9s internes, une baisse de la motivation et des difficult\u00e9s \u00e0 attirer et \u00e0 retenir les talents. Il est essentiel pour les organisations de s&#8217;attaquer \u00e0 la compression salariale afin de maintenir une structure de r\u00e9mun\u00e9ration \u00e9quitable et concurrentielle.<\/p>\n\n\n\n<h4 class=\"wp-block-heading\"><strong>Comprendre l&#8217;\u00e9quit\u00e9 interne<\/strong><\/h4>\n\n\n\n<p class=\"wp-block-paragraph\">L&#8217;\u00e9quit\u00e9 interne concerne l&#8217;\u00e9quit\u00e9 de la r\u00e9mun\u00e9ration entre les talents au sein de l&#8217;organisation. Elle garantit que les personnes jouant un r\u00f4le similaire ou poss\u00e9dant des comp\u00e9tences comparables sont r\u00e9mun\u00e9r\u00e9es de la m\u00eame mani\u00e8re. Cette coh\u00e9rence renforce le moral des travailleur\u00b7euses et r\u00e9duit les conflits potentiels li\u00e9s \u00e0 la perception d&#8217;une injustice.<\/p>\n\n\n\n<h4 class=\"wp-block-heading\"><strong>Les facteurs externes du march\u00e9 qui entrent en jeu<\/strong><\/h4>\n\n\n\n<p class=\"wp-block-paragraph\">Tandis que l&#8217;\u00e9quit\u00e9 interne est ax\u00e9e sur la justice au sein de l&#8217;organisation, les facteurs du march\u00e9 externe prennent en compte le contexte sectoriel et g\u00e9ographique plus large. Ces facteurs englobent les tendances salariales actuelles, les conditions \u00e9conomiques r\u00e9gionales et les pratiques concurrentielles. Il est essentiel de se tenir inform\u00e9 de la dynamique du march\u00e9 externe pour demeurer concurrentiel et \u00e9viter l&#8217;exode des talents.<\/p>\n\n\n\n<h4 class=\"wp-block-heading\"><strong>Le r\u00f4le des gestionnaires d&#8217;embauche dans le secteur informatique<\/strong><\/h4>\n\n\n\n<p class=\"wp-block-paragraph\">Les gestionnaires d&#8217;embauche dans le secteur informatique jouent un r\u00f4le essentiel dans le maintien de l&#8217;\u00e9quilibre. Ils doivent trouver un \u00e9quilibre entre l&#8217;\u00e9quit\u00e9 interne et la concurrentialit\u00e9 du march\u00e9. Lorsque les nouvelles recrues per\u00e7oivent des salaires similaires \u00e0 ceux des talents existants, cela peut d\u00e9motiver ces derniers et m\u00eame conduire \u00e0 l&#8217;attrition.<\/p>\n\n\n\n<p class=\"wp-block-paragraph\">Pour \u00e9viter cela, les gestionnaires informatiques doivent se doter d&#8217;une strat\u00e9gie bien \u00e9quilibr\u00e9e en mati\u00e8re de transparence des salaires [lien vers le blog sur la transparence des salaires].<\/p>\n\n\n\n<p class=\"wp-block-paragraph\"><strong>\u00c9quilibrer l&#8217;\u00e9quit\u00e9 interne et les facteurs externes du march\u00e9<\/strong><\/p>\n\n\n\n<p class=\"wp-block-paragraph\">Pour rep\u00e9rer les probl\u00e8mes li\u00e9s \u00e0 la compression salariale dans vos organisations et les r\u00e9soudre, envisagez d&#8217;int\u00e9grer les tactiques ci-apr\u00e8s \u00e0 votre strat\u00e9gie de transparence des salaires :<\/p>\n\n\n\n<ul class=\"wp-block-list\">\n<li><strong>Ajustement de la structure salariale : <\/strong>R\u00e9\u00e9valuer et adapter la structure salariale afin d&#8217;accro\u00eetre la diff\u00e9renciation entre les niveaux d&#8217;emploi et les niveaux d&#8217;exp\u00e9rience.<\/li>\n\n\n\n<li><strong>Augmentations fond\u00e9es sur le m\u00e9rite : <\/strong>Mettre en \u0153uvre des augmentations salariales en fonction du rendement pour r\u00e9compenser les talents \u00e0 haut rendement et maintenir les distinctions salariales.<\/li>\n\n\n\n<li><strong>Ajustements fond\u00e9s sur le march\u00e9 :<\/strong> Examiner r\u00e9guli\u00e8rement les donn\u00e9es du march\u00e9 afin de proc\u00e9der \u00e0 des ajustements salariaux qui s&#8217;alignent sur les tendances du march\u00e9 ext\u00e9rieur.<\/li>\n\n\n\n<li><strong>Analyse interne de l&#8217;\u00e9quit\u00e9 : <\/strong>Mener des audits internes sur l&#8217;\u00e9quit\u00e9 afin de rep\u00e9rer et de corriger les \u00e9ventuelles disparit\u00e9s salariales.<\/li>\n\n\n\n<li><strong>Possibilit\u00e9s d&#8217;avancement professionnel : <\/strong>Favoriser la croissance et l&#8217;avancement professionnels en interne afin d&#8217;encourager les talents \u00e0 aspirer \u00e0 des fonctions plus \u00e9lev\u00e9es assorties d&#8217;une meilleure r\u00e9mun\u00e9ration.<\/li>\n\n\n\n<li><strong>Transparence et communication :<\/strong> Communiquer clairement la philosophie et les pratiques de r\u00e9mun\u00e9ration aux employ\u00e9s afin d&#8217;instaurer un climat de confiance et de compr\u00e9hension.<\/li>\n\n\n\n<li><strong>Lignes directrices pour les n\u00e9gociations salariales : <\/strong>\u00c9tablir des lignes directrices claires pour les n\u00e9gociations salariales et les taux de r\u00e9mun\u00e9ration afin de garantir des r\u00e9sultats \u00e9quitables et coh\u00e9rents.<\/li>\n\n\n\n<li><strong>Approche de la r\u00e9mun\u00e9ration globale : <\/strong>Pour les employ\u00e9\u00b7es \u00e0 temps plein, envisagez une approche globale de la r\u00e9mun\u00e9ration qui inclut les avantages sociaux, les primes et les incitatifs en plus du salaire de base.<\/li>\n\n\n\n<li><strong>Formation et \u00e9ducation :<\/strong> Former les recruteurs et les gestionnaires d&#8217;embauche aux questions de compression salariale et aux pratiques de r\u00e9mun\u00e9ration \u00e9quitables.<\/li>\n\n\n\n<li><strong>Examens r\u00e9guliers : <\/strong>Examiner et ajuster p\u00e9riodiquement les pratiques de r\u00e9mun\u00e9ration afin de rem\u00e9dier \u00e0 la compression salariale et de maintenir une structure de r\u00e9mun\u00e9ration concurrentielle.<\/li>\n<\/ul>\n\n\n\n<p class=\"wp-block-paragraph\">L&#8217;\u00e9quilibre entre l&#8217;\u00e9quit\u00e9 interne et les facteurs externes du march\u00e9 n&#8217;est pas qu&#8217;une question de chiffres; il s&#8217;agit de cr\u00e9er un environnement de travail o\u00f9 coexistent l&#8217;\u00e9quit\u00e9, la motivation et la concurrentialit\u00e9. La recherche de cet \u00e9quilibre permet \u00e0 votre organisation d&#8217;attirer, de retenir et de motiver les meilleurs talents tout en favorisant un environnement de travail positif et harmonieux.<\/p>\n\n\n\n        <style>\n            [data-hsfc-id=Renderer] .hsfc-Step .hsfc-Step__Content {\n                padding-top: 0;\n            }\n            [data-hsfc-id=Renderer] .hsfc-PostSubmit .hsfc-RichText {\n                display: block;\n            }\n\t\t\t.content-single .hs-form-html .hsfc-RichText span {\n            \tcolor: #fff;\n            }\n            #form-heading {\n                background-image: linear-gradient(to left, rgb(0, 92, 185), rgb(0, 23, 46));\n                margin-bottom: 0;\n                font-weight: 700;\n\t\t\t\tfont-size: 42px !important;\n                line-height: 50.4px;\n                color: #fff;\n                text-align: center;\n\n                padding-top: 40px;\n\t\t\t\tpadding-left: 40px;\n\t\t\t\tpadding-right: 40px;\n            }\n\t\t\t#form-heading +div{\n\t\t\t\tmargin-top: 0px;\n\t\t\t}\n\t\t\t:root :where(.is-layout-flow.no-marg-t) > * {\n\t\t\t\tmargin-top: 0 !important;\n\t\t\t}\n\t\t\t.wp-block-group.hs-form-group {\n\t\t\t\tdisplay: block;\n\t\t\t}\n\t\t\t.wp-block-group.hs-form-group.is-visible {\n\t\t\t\tdisplay: block;\n\t\t\t}\n        <\/style>\n\n        <div class=\"\" id=\"form-heading\">\n            Pr\u00eat \u00e0 vous connecter ?        <\/div>\n\n        <script \n            src=\"https:\/\/js.hsforms.net\/forms\/embed\/developer\/3013010.js\"\n            defer>\n        <\/script>\n\n        <div class=\"hs-form-html 3b73dba1-c657-4b7a-9e28-e7a79eefc625\"\n             data-region=\"na1\"\n             data-form-id=\"3b73dba1-c657-4b7a-9e28-e7a79eefc625\"\n             data-portal-id=\"3013010\">\n        <\/div>\n\n\t\t\n        \n","protected":false},"excerpt":{"rendered":"<p>La compression salariale fait r\u00e9f\u00e9rence \u00e0 un sc\u00e9nario de r\u00e9mun\u00e9ration dans lequel la diff\u00e9rence de salaire entre les talents occupant divers postes ou niveaux de poste devient relativement faible, en d\u00e9pit des diff\u00e9rences d&#8217;exp\u00e9rience, de comp\u00e9tences ou de responsabilit\u00e9s. Cela peut se produire lorsque de nouvelles recrues sont embauch\u00e9es \u00e0 des salaires ou des taux&#8230;<\/p>\n","protected":false},"author":21,"featured_media":1350,"comment_status":"closed","ping_status":"closed","sticky":false,"template":"","format":"standard","meta":{"_acf_changed":false,"_crdt_document":"","inline_featured_image":false,"footnotes":""},"categories":[1041],"tags":[1075],"class_list":["post-18760","post","type-post","status-publish","format-standard","has-post-thumbnail","hentry","category-acquisition-de-talents"],"acf":[],"yoast_head":"<!-- This site is optimized with the Yoast SEO plugin v27.1.1 - https:\/\/yoast.com\/product\/yoast-seo-wordpress\/ -->\n<title>Lutter contre la compression salariale &amp; \u00e9quit\u00e9 | Procom<\/title>\n<meta name=\"description\" content=\"D\u00e9couvrez comment lutter contre la compression salariale. \u00c9quilibrez \u00e9quit\u00e9 interne et march\u00e9 externe tout en valorisant les talents diversifi\u00e9s.\" \/>\n<meta name=\"robots\" content=\"index, follow, max-snippet:-1, max-image-preview:large, max-video-preview:-1\" \/>\n<link rel=\"canonical\" href=\"https:\/\/procomservices.com\/fr-ca\/insights\/lutter-contre-la-compression-salariale-equilibrer-lequite-interne-et-les-facteurs-externes-du-marche\/\" \/>\n<meta property=\"og:locale\" content=\"fr_CA\" \/>\n<meta property=\"og:type\" content=\"article\" \/>\n<meta property=\"og:title\" content=\"Lutter contre la compression salariale &amp; \u00e9quit\u00e9 | Procom\" \/>\n<meta property=\"og:description\" content=\"D\u00e9couvrez comment lutter contre la compression salariale. \u00c9quilibrez \u00e9quit\u00e9 interne et march\u00e9 externe tout en valorisant les talents diversifi\u00e9s.\" \/>\n<meta property=\"og:url\" content=\"https:\/\/procomservices.com\/fr-ca\/insights\/lutter-contre-la-compression-salariale-equilibrer-lequite-interne-et-les-facteurs-externes-du-marche\/\" \/>\n<meta property=\"og:site_name\" content=\"Procom\" \/>\n<meta property=\"article:publisher\" content=\"https:\/\/www.facebook.com\/ProcomConsultantsGroup\/\" \/>\n<meta property=\"article:published_time\" content=\"2023-09-18T09:00:11+00:00\" \/>\n<meta property=\"article:modified_time\" content=\"2026-01-27T19:02:37+00:00\" \/>\n<meta property=\"og:image\" content=\"https:\/\/procomservices.com\/wp-content\/uploads\/2025\/06\/Blog-Thumbnail-Addressing-pay-compression.jpg\" \/>\n\t<meta property=\"og:image:width\" content=\"768\" \/>\n\t<meta property=\"og:image:height\" content=\"401\" \/>\n\t<meta property=\"og:image:type\" content=\"image\/jpeg\" \/>\n<meta name=\"author\" content=\"Dylan.Fedy@Procomservices.com\" \/>\n<meta name=\"twitter:card\" content=\"summary_large_image\" \/>\n<meta name=\"twitter:creator\" content=\"@Procom\" \/>\n<meta name=\"twitter:site\" content=\"@Procom\" \/>\n<meta name=\"twitter:label1\" content=\"Written by\" \/>\n\t<meta name=\"twitter:data1\" content=\"Dylan.Fedy@Procomservices.com\" \/>\n\t<meta name=\"twitter:label2\" content=\"Est. reading time\" \/>\n\t<meta name=\"twitter:data2\" content=\"4 minutes\" \/>\n<script type=\"application\/ld+json\" class=\"yoast-schema-graph\">{\"@context\":\"https:\/\/schema.org\",\"@graph\":[{\"@type\":\"Article\",\"@id\":\"https:\/\/procomservices.com\/fr-ca\/insights\/lutter-contre-la-compression-salariale-equilibrer-lequite-interne-et-les-facteurs-externes-du-marche\/#article\",\"isPartOf\":{\"@id\":\"https:\/\/procomservices.com\/fr-ca\/insights\/lutter-contre-la-compression-salariale-equilibrer-lequite-interne-et-les-facteurs-externes-du-marche\/\"},\"author\":{\"name\":\"Dylan.Fedy@Procomservices.com\",\"@id\":\"https:\/\/procomservices.com\/fr-ca\/#\/schema\/person\/2bce332c68bf16842df6b2b00efd189c\"},\"headline\":\"Lutter contre la compression salariale : \u00e9quilibrer l&#8217;\u00e9quit\u00e9 interne et les facteurs externes du march\u00e9\",\"datePublished\":\"2023-09-18T09:00:11+00:00\",\"dateModified\":\"2026-01-27T19:02:37+00:00\",\"mainEntityOfPage\":{\"@id\":\"https:\/\/procomservices.com\/fr-ca\/insights\/lutter-contre-la-compression-salariale-equilibrer-lequite-interne-et-les-facteurs-externes-du-marche\/\"},\"wordCount\":831,\"publisher\":{\"@id\":\"https:\/\/procomservices.com\/fr-ca\/#organization\"},\"image\":{\"@id\":\"https:\/\/procomservices.com\/fr-ca\/insights\/lutter-contre-la-compression-salariale-equilibrer-lequite-interne-et-les-facteurs-externes-du-marche\/#primaryimage\"},\"thumbnailUrl\":\"https:\/\/procomservices.com\/wp-content\/uploads\/2025\/06\/Blog-Thumbnail-Addressing-pay-compression.jpg\",\"keywords\":[\"Acquisition de talents\"],\"articleSection\":[\"Acquisition de talents\"],\"inLanguage\":\"fr-ca\"},{\"@type\":\"WebPage\",\"@id\":\"https:\/\/procomservices.com\/fr-ca\/insights\/lutter-contre-la-compression-salariale-equilibrer-lequite-interne-et-les-facteurs-externes-du-marche\/\",\"url\":\"https:\/\/procomservices.com\/fr-ca\/insights\/lutter-contre-la-compression-salariale-equilibrer-lequite-interne-et-les-facteurs-externes-du-marche\/\",\"name\":\"Lutter contre la compression salariale & \u00e9quit\u00e9 | Procom\",\"isPartOf\":{\"@id\":\"https:\/\/procomservices.com\/fr-ca\/#website\"},\"primaryImageOfPage\":{\"@id\":\"https:\/\/procomservices.com\/fr-ca\/insights\/lutter-contre-la-compression-salariale-equilibrer-lequite-interne-et-les-facteurs-externes-du-marche\/#primaryimage\"},\"image\":{\"@id\":\"https:\/\/procomservices.com\/fr-ca\/insights\/lutter-contre-la-compression-salariale-equilibrer-lequite-interne-et-les-facteurs-externes-du-marche\/#primaryimage\"},\"thumbnailUrl\":\"https:\/\/procomservices.com\/wp-content\/uploads\/2025\/06\/Blog-Thumbnail-Addressing-pay-compression.jpg\",\"datePublished\":\"2023-09-18T09:00:11+00:00\",\"dateModified\":\"2026-01-27T19:02:37+00:00\",\"description\":\"D\u00e9couvrez comment lutter contre la compression salariale. \u00c9quilibrez \u00e9quit\u00e9 interne et march\u00e9 externe tout en valorisant les talents diversifi\u00e9s.\",\"breadcrumb\":{\"@id\":\"https:\/\/procomservices.com\/fr-ca\/insights\/lutter-contre-la-compression-salariale-equilibrer-lequite-interne-et-les-facteurs-externes-du-marche\/#breadcrumb\"},\"inLanguage\":\"fr-ca\",\"potentialAction\":[{\"@type\":\"ReadAction\",\"target\":[\"https:\/\/procomservices.com\/fr-ca\/insights\/lutter-contre-la-compression-salariale-equilibrer-lequite-interne-et-les-facteurs-externes-du-marche\/\"]}]},{\"@type\":\"ImageObject\",\"inLanguage\":\"fr-ca\",\"@id\":\"https:\/\/procomservices.com\/fr-ca\/insights\/lutter-contre-la-compression-salariale-equilibrer-lequite-interne-et-les-facteurs-externes-du-marche\/#primaryimage\",\"url\":\"https:\/\/procomservices.com\/wp-content\/uploads\/2025\/06\/Blog-Thumbnail-Addressing-pay-compression.jpg\",\"contentUrl\":\"https:\/\/procomservices.com\/wp-content\/uploads\/2025\/06\/Blog-Thumbnail-Addressing-pay-compression.jpg\",\"width\":768,\"height\":401},{\"@type\":\"BreadcrumbList\",\"@id\":\"https:\/\/procomservices.com\/fr-ca\/insights\/lutter-contre-la-compression-salariale-equilibrer-lequite-interne-et-les-facteurs-externes-du-marche\/#breadcrumb\",\"itemListElement\":[{\"@type\":\"ListItem\",\"position\":1,\"name\":\"Home\",\"item\":\"https:\/\/procomservices.com\/fr-ca\/\"},{\"@type\":\"ListItem\",\"position\":2,\"name\":\"Lutter contre la compression salariale : \u00e9quilibrer l&#8217;\u00e9quit\u00e9 interne et les facteurs externes du march\u00e9\"}]},{\"@type\":\"WebSite\",\"@id\":\"https:\/\/procomservices.com\/fr-ca\/#website\",\"url\":\"https:\/\/procomservices.com\/fr-ca\/\",\"name\":\"Procom\",\"description\":\"\",\"publisher\":{\"@id\":\"https:\/\/procomservices.com\/fr-ca\/#organization\"},\"potentialAction\":[{\"@type\":\"SearchAction\",\"target\":{\"@type\":\"EntryPoint\",\"urlTemplate\":\"https:\/\/procomservices.com\/fr-ca\/?s={search_term_string}\"},\"query-input\":{\"@type\":\"PropertyValueSpecification\",\"valueRequired\":true,\"valueName\":\"search_term_string\"}}],\"inLanguage\":\"fr-ca\"},{\"@type\":\"Organization\",\"@id\":\"https:\/\/procomservices.com\/fr-ca\/#organization\",\"name\":\"Procom\",\"url\":\"https:\/\/procomservices.com\/fr-ca\/\",\"logo\":{\"@type\":\"ImageObject\",\"inLanguage\":\"fr-ca\",\"@id\":\"https:\/\/procomservices.com\/fr-ca\/#\/schema\/logo\/image\/\",\"url\":\"https:\/\/procomservices.com\/wp-content\/uploads\/2025\/09\/Procom_Logomark_CMYK@2x.jpg\",\"contentUrl\":\"https:\/\/procomservices.com\/wp-content\/uploads\/2025\/09\/Procom_Logomark_CMYK@2x.jpg\",\"width\":1205,\"height\":807,\"caption\":\"Procom\"},\"image\":{\"@id\":\"https:\/\/procomservices.com\/fr-ca\/#\/schema\/logo\/image\/\"},\"sameAs\":[\"https:\/\/www.facebook.com\/ProcomConsultantsGroup\/\",\"https:\/\/x.com\/Procom\"]},{\"@type\":\"Person\",\"@id\":\"https:\/\/procomservices.com\/fr-ca\/#\/schema\/person\/2bce332c68bf16842df6b2b00efd189c\",\"name\":\"Dylan.Fedy@Procomservices.com\",\"image\":{\"@type\":\"ImageObject\",\"inLanguage\":\"fr-ca\",\"@id\":\"https:\/\/procomservices.com\/fr-ca\/#\/schema\/person\/image\/\",\"url\":\"https:\/\/secure.gravatar.com\/avatar\/9d8bdb884bad794f1da0b4c86f3b2ea2d1c14732916592784f8af4d706e4bf64?s=96&d=mm&r=g\",\"contentUrl\":\"https:\/\/secure.gravatar.com\/avatar\/9d8bdb884bad794f1da0b4c86f3b2ea2d1c14732916592784f8af4d706e4bf64?s=96&d=mm&r=g\",\"caption\":\"Dylan.Fedy@Procomservices.com\"}}]}<\/script>\n<!-- \/ Yoast SEO plugin. -->","yoast_head_json":{"title":"Lutter contre la compression salariale & \u00e9quit\u00e9 | Procom","description":"D\u00e9couvrez comment lutter contre la compression salariale. \u00c9quilibrez \u00e9quit\u00e9 interne et march\u00e9 externe tout en valorisant les talents diversifi\u00e9s.","robots":{"index":"index","follow":"follow","max-snippet":"max-snippet:-1","max-image-preview":"max-image-preview:large","max-video-preview":"max-video-preview:-1"},"canonical":"https:\/\/procomservices.com\/fr-ca\/insights\/lutter-contre-la-compression-salariale-equilibrer-lequite-interne-et-les-facteurs-externes-du-marche\/","og_locale":"fr_CA","og_type":"article","og_title":"Lutter contre la compression salariale & \u00e9quit\u00e9 | Procom","og_description":"D\u00e9couvrez comment lutter contre la compression salariale. \u00c9quilibrez \u00e9quit\u00e9 interne et march\u00e9 externe tout en valorisant les talents diversifi\u00e9s.","og_url":"https:\/\/procomservices.com\/fr-ca\/insights\/lutter-contre-la-compression-salariale-equilibrer-lequite-interne-et-les-facteurs-externes-du-marche\/","og_site_name":"Procom","article_publisher":"https:\/\/www.facebook.com\/ProcomConsultantsGroup\/","article_published_time":"2023-09-18T09:00:11+00:00","article_modified_time":"2026-01-27T19:02:37+00:00","og_image":[{"width":768,"height":401,"url":"https:\/\/procomservices.com\/wp-content\/uploads\/2025\/06\/Blog-Thumbnail-Addressing-pay-compression.jpg","type":"image\/jpeg"}],"author":"Dylan.Fedy@Procomservices.com","twitter_card":"summary_large_image","twitter_creator":"@Procom","twitter_site":"@Procom","twitter_misc":{"Written by":"Dylan.Fedy@Procomservices.com","Est. reading time":"4 minutes"},"schema":{"@context":"https:\/\/schema.org","@graph":[{"@type":"Article","@id":"https:\/\/procomservices.com\/fr-ca\/insights\/lutter-contre-la-compression-salariale-equilibrer-lequite-interne-et-les-facteurs-externes-du-marche\/#article","isPartOf":{"@id":"https:\/\/procomservices.com\/fr-ca\/insights\/lutter-contre-la-compression-salariale-equilibrer-lequite-interne-et-les-facteurs-externes-du-marche\/"},"author":{"name":"Dylan.Fedy@Procomservices.com","@id":"https:\/\/procomservices.com\/fr-ca\/#\/schema\/person\/2bce332c68bf16842df6b2b00efd189c"},"headline":"Lutter contre la compression salariale : \u00e9quilibrer l&#8217;\u00e9quit\u00e9 interne et les facteurs externes du march\u00e9","datePublished":"2023-09-18T09:00:11+00:00","dateModified":"2026-01-27T19:02:37+00:00","mainEntityOfPage":{"@id":"https:\/\/procomservices.com\/fr-ca\/insights\/lutter-contre-la-compression-salariale-equilibrer-lequite-interne-et-les-facteurs-externes-du-marche\/"},"wordCount":831,"publisher":{"@id":"https:\/\/procomservices.com\/fr-ca\/#organization"},"image":{"@id":"https:\/\/procomservices.com\/fr-ca\/insights\/lutter-contre-la-compression-salariale-equilibrer-lequite-interne-et-les-facteurs-externes-du-marche\/#primaryimage"},"thumbnailUrl":"https:\/\/procomservices.com\/wp-content\/uploads\/2025\/06\/Blog-Thumbnail-Addressing-pay-compression.jpg","keywords":["Acquisition de talents"],"articleSection":["Acquisition de talents"],"inLanguage":"fr-ca"},{"@type":"WebPage","@id":"https:\/\/procomservices.com\/fr-ca\/insights\/lutter-contre-la-compression-salariale-equilibrer-lequite-interne-et-les-facteurs-externes-du-marche\/","url":"https:\/\/procomservices.com\/fr-ca\/insights\/lutter-contre-la-compression-salariale-equilibrer-lequite-interne-et-les-facteurs-externes-du-marche\/","name":"Lutter contre la compression salariale & \u00e9quit\u00e9 | Procom","isPartOf":{"@id":"https:\/\/procomservices.com\/fr-ca\/#website"},"primaryImageOfPage":{"@id":"https:\/\/procomservices.com\/fr-ca\/insights\/lutter-contre-la-compression-salariale-equilibrer-lequite-interne-et-les-facteurs-externes-du-marche\/#primaryimage"},"image":{"@id":"https:\/\/procomservices.com\/fr-ca\/insights\/lutter-contre-la-compression-salariale-equilibrer-lequite-interne-et-les-facteurs-externes-du-marche\/#primaryimage"},"thumbnailUrl":"https:\/\/procomservices.com\/wp-content\/uploads\/2025\/06\/Blog-Thumbnail-Addressing-pay-compression.jpg","datePublished":"2023-09-18T09:00:11+00:00","dateModified":"2026-01-27T19:02:37+00:00","description":"D\u00e9couvrez comment lutter contre la compression salariale. \u00c9quilibrez \u00e9quit\u00e9 interne et march\u00e9 externe tout en valorisant les talents diversifi\u00e9s.","breadcrumb":{"@id":"https:\/\/procomservices.com\/fr-ca\/insights\/lutter-contre-la-compression-salariale-equilibrer-lequite-interne-et-les-facteurs-externes-du-marche\/#breadcrumb"},"inLanguage":"fr-ca","potentialAction":[{"@type":"ReadAction","target":["https:\/\/procomservices.com\/fr-ca\/insights\/lutter-contre-la-compression-salariale-equilibrer-lequite-interne-et-les-facteurs-externes-du-marche\/"]}]},{"@type":"ImageObject","inLanguage":"fr-ca","@id":"https:\/\/procomservices.com\/fr-ca\/insights\/lutter-contre-la-compression-salariale-equilibrer-lequite-interne-et-les-facteurs-externes-du-marche\/#primaryimage","url":"https:\/\/procomservices.com\/wp-content\/uploads\/2025\/06\/Blog-Thumbnail-Addressing-pay-compression.jpg","contentUrl":"https:\/\/procomservices.com\/wp-content\/uploads\/2025\/06\/Blog-Thumbnail-Addressing-pay-compression.jpg","width":768,"height":401},{"@type":"BreadcrumbList","@id":"https:\/\/procomservices.com\/fr-ca\/insights\/lutter-contre-la-compression-salariale-equilibrer-lequite-interne-et-les-facteurs-externes-du-marche\/#breadcrumb","itemListElement":[{"@type":"ListItem","position":1,"name":"Home","item":"https:\/\/procomservices.com\/fr-ca\/"},{"@type":"ListItem","position":2,"name":"Lutter contre la compression salariale : \u00e9quilibrer l&#8217;\u00e9quit\u00e9 interne et les facteurs externes du march\u00e9"}]},{"@type":"WebSite","@id":"https:\/\/procomservices.com\/fr-ca\/#website","url":"https:\/\/procomservices.com\/fr-ca\/","name":"Procom","description":"","publisher":{"@id":"https:\/\/procomservices.com\/fr-ca\/#organization"},"potentialAction":[{"@type":"SearchAction","target":{"@type":"EntryPoint","urlTemplate":"https:\/\/procomservices.com\/fr-ca\/?s={search_term_string}"},"query-input":{"@type":"PropertyValueSpecification","valueRequired":true,"valueName":"search_term_string"}}],"inLanguage":"fr-ca"},{"@type":"Organization","@id":"https:\/\/procomservices.com\/fr-ca\/#organization","name":"Procom","url":"https:\/\/procomservices.com\/fr-ca\/","logo":{"@type":"ImageObject","inLanguage":"fr-ca","@id":"https:\/\/procomservices.com\/fr-ca\/#\/schema\/logo\/image\/","url":"https:\/\/procomservices.com\/wp-content\/uploads\/2025\/09\/Procom_Logomark_CMYK@2x.jpg","contentUrl":"https:\/\/procomservices.com\/wp-content\/uploads\/2025\/09\/Procom_Logomark_CMYK@2x.jpg","width":1205,"height":807,"caption":"Procom"},"image":{"@id":"https:\/\/procomservices.com\/fr-ca\/#\/schema\/logo\/image\/"},"sameAs":["https:\/\/www.facebook.com\/ProcomConsultantsGroup\/","https:\/\/x.com\/Procom"]},{"@type":"Person","@id":"https:\/\/procomservices.com\/fr-ca\/#\/schema\/person\/2bce332c68bf16842df6b2b00efd189c","name":"Dylan.Fedy@Procomservices.com","image":{"@type":"ImageObject","inLanguage":"fr-ca","@id":"https:\/\/procomservices.com\/fr-ca\/#\/schema\/person\/image\/","url":"https:\/\/secure.gravatar.com\/avatar\/9d8bdb884bad794f1da0b4c86f3b2ea2d1c14732916592784f8af4d706e4bf64?s=96&d=mm&r=g","contentUrl":"https:\/\/secure.gravatar.com\/avatar\/9d8bdb884bad794f1da0b4c86f3b2ea2d1c14732916592784f8af4d706e4bf64?s=96&d=mm&r=g","caption":"Dylan.Fedy@Procomservices.com"}}]}},"_links":{"self":[{"href":"https:\/\/procomservices.com\/fr-ca\/wp-json\/wp\/v2\/posts\/18760","targetHints":{"allow":["GET"]}}],"collection":[{"href":"https:\/\/procomservices.com\/fr-ca\/wp-json\/wp\/v2\/posts"}],"about":[{"href":"https:\/\/procomservices.com\/fr-ca\/wp-json\/wp\/v2\/types\/post"}],"author":[{"embeddable":true,"href":"https:\/\/procomservices.com\/fr-ca\/wp-json\/wp\/v2\/users\/21"}],"replies":[{"embeddable":true,"href":"https:\/\/procomservices.com\/fr-ca\/wp-json\/wp\/v2\/comments?post=18760"}],"version-history":[{"count":3,"href":"https:\/\/procomservices.com\/fr-ca\/wp-json\/wp\/v2\/posts\/18760\/revisions"}],"predecessor-version":[{"id":22955,"href":"https:\/\/procomservices.com\/fr-ca\/wp-json\/wp\/v2\/posts\/18760\/revisions\/22955"}],"wp:featuredmedia":[{"embeddable":true,"href":"https:\/\/procomservices.com\/fr-ca\/wp-json\/wp\/v2\/media\/1350"}],"wp:attachment":[{"href":"https:\/\/procomservices.com\/fr-ca\/wp-json\/wp\/v2\/media?parent=18760"}],"wp:term":[{"taxonomy":"category","embeddable":true,"href":"https:\/\/procomservices.com\/fr-ca\/wp-json\/wp\/v2\/categories?post=18760"},{"taxonomy":"post_tag","embeddable":true,"href":"https:\/\/procomservices.com\/fr-ca\/wp-json\/wp\/v2\/tags?post=18760"}],"curies":[{"name":"wp","href":"https:\/\/api.w.org\/{rel}","templated":true}]}}