{"id":18776,"date":"2023-07-18T20:15:40","date_gmt":"2023-07-18T20:15:40","guid":{"rendered":"https:\/\/procomservices.com\/the-power-of-global-talent-how-hiring-worldwide-can-transform-your-business\/"},"modified":"2026-01-27T19:08:00","modified_gmt":"2026-01-27T19:08:00","slug":"la-puissance-des-talents-mondiaux-comment-lembauche-a-lechelle-internationale-peut-transformer-votre-entreprise","status":"publish","type":"post","link":"https:\/\/procomservices.com\/fr-ca\/insights\/la-puissance-des-talents-mondiaux-comment-lembauche-a-lechelle-internationale-peut-transformer-votre-entreprise\/","title":{"rendered":"La puissance des talents mondiaux \u2013 Comment l\u2019embauche \u00e0 l\u2019\u00e9chelle internationale peut transformer votre entreprise"},"content":{"rendered":"\n<p class=\"wp-block-paragraph\">Le potentiel de transformation du recrutement \u00e0 l&#8217;\u00e9chelle mondiale peut avoir un impact profond sur les organisations, en leur permettant d&#8217;acc\u00e9der \u00e0 des comp\u00e9tences sp\u00e9cialis\u00e9es, de favoriser l&#8217;innovation, de surmonter les barri\u00e8res g\u00e9ographiques et d&#8217;att\u00e9nuer les p\u00e9nuries de talents.<\/p>\n\n\n\n<p class=\"wp-block-paragraph\">Dans le monde interconnect\u00e9 d&#8217;aujourd&#8217;hui, la recherche de talents informatiques a \u00e9volu\u00e9 au-del\u00e0 des fronti\u00e8res locales et, pour les organisations comp\u00e9titives, la capacit\u00e9 \u00e0 puiser dans un vivier de talents mondial est devenue de plus en plus cruciale.<\/p>\n\n\n\n<p class=\"wp-block-paragraph\">Les informations ci-dessous montrent comment l&#8217;adoption des talents internationaux peut r\u00e9volutionner la mani\u00e8re dont les entreprises trouvent les comp\u00e9tences dont elles ont besoin et gardent une longueur d&#8217;avance sur la concurrence :<\/p>\n\n\n\n<h4 class=\"wp-block-heading\"><strong>Exploiter une r\u00e9serve mondiale de talents<\/strong><\/h4>\n\n\n\n<p class=\"wp-block-paragraph\">L&#8217;acc\u00e8s \u00e0 une r\u00e9serve mondiale de talents permet de b\u00e9n\u00e9ficier d&#8217;un \u00e9ventail de comp\u00e9tences et d&#8217;expertises sp\u00e9cialis\u00e9es provenant de diff\u00e9rentes r\u00e9gions. Cette diversit\u00e9 de points de vue et de contextes culturels peut apporter de nouvelles id\u00e9es, am\u00e9liorer la r\u00e9solution des probl\u00e8mes et stimuler l&#8217;innovation. En faisant appel \u00e0 des talents internationaux, les entreprises se positionnent \u00e0 l&#8217;avant-garde des progr\u00e8s de l&#8217;industrie.<\/p>\n\n\n\n<h4 class=\"wp-block-heading\"><strong>Surmonter les barri\u00e8res g\u00e9ographiques<\/strong><\/h4>\n\n\n\n<p class=\"wp-block-paragraph\">Gr\u00e2ce aux progr\u00e8s de la technologie et de la communication, les barri\u00e8res g\u00e9ographiques ne limitent plus la collaboration. Gr\u00e2ce au travail \u00e0 distance et aux \u00e9quipes virtuelles, les entreprises peuvent int\u00e9grer en toute transparence des talents internationaux dans leur structure organisationnelle. Cette flexibilit\u00e9 permet des op\u00e9rations rentables, car l&#8217;embauche de travailleurs \u00e0 distance \u00e9limine souvent le besoin d&#8217;espaces de bureaux physiques et les d\u00e9penses qui y sont associ\u00e9es. En adoptant l&#8217;espace de travail num\u00e9rique, les organisations peuvent exploiter la puissance des talents internationaux sans contraintes.<\/p>\n\n\n\n<h4 class=\"wp-block-heading\"><strong>Favoriser l&#8217;innovation et la cr\u00e9ativit\u00e9<\/strong><\/h4>\n\n\n\n<p class=\"wp-block-paragraph\">Une main-d&#8217;\u0153uvre diversifi\u00e9e et internationale apporte une richesse de cr\u00e9ativit\u00e9 et d&#8217;innovation aux projets. En int\u00e9grant des talents issus de cultures et d&#8217;horizons diff\u00e9rents, les employeurs cr\u00e9ent un environnement o\u00f9 le partage des connaissances interculturelles s&#8217;\u00e9panouit. La r\u00e9solution de probl\u00e8mes et la prise de d\u00e9cision en collaboration b\u00e9n\u00e9ficient de perspectives vari\u00e9es.<\/p>\n\n\n\n<h4 class=\"wp-block-heading\"><strong>Renforcer l&#8217;\u00e9volutivit\u00e9 et la flexibilit\u00e9<\/strong><\/h4>\n\n\n\n<p class=\"wp-block-paragraph\">Dans un march\u00e9 qui \u00e9volue rapidement, l&#8217;\u00e9volutivit\u00e9 et la flexibilit\u00e9 sont vitales. L&#8217;embauche \u00e0 l&#8217;\u00e9chelle mondiale permet d&#8217;adapter rapidement la main-d&#8217;\u0153uvre aux exigences des projets. En acc\u00e9dant \u00e0 des talents dans diff\u00e9rents fuseaux horaires, les entreprises peuvent mettre en place un fonctionnement 24 heures sur 24, garantissant un soutien sans faille \u00e0 leurs clients dans le monde entier. La flexibilit\u00e9 inh\u00e9rente \u00e0 l&#8217;acquisition de talents \u00e0 l&#8217;\u00e9chelle mondiale permet aux organisations de s&#8217;adapter \u00e0 l&#8217;\u00e9volution des besoins de l&#8217;entreprise, ce qui leur assure un avantage concurrentiel dans un secteur dynamique.<\/p>\n\n\n\n<h4 class=\"wp-block-heading\"><strong>Att\u00e9nuer les p\u00e9nuries de talents<\/strong><\/h4>\n\n\n\n<p class=\"wp-block-paragraph\">La p\u00e9nurie de talents informatiques constitue un d\u00e9fi pour de nombreuses organisations \u00e0 tous les niveaux de responsabilit\u00e9. L&#8217;acquisition de talents \u00e0 l&#8217;\u00e9chelle mondiale offre une solution pour combler le foss\u00e9. En adoptant une approche proactive de l&#8217;acquisition de talents qui s&#8217;\u00e9tend au-del\u00e0 des fronti\u00e8res, les entreprises peuvent puiser dans des viviers de talents qui ne sont pas affect\u00e9s par les p\u00e9nuries locales. Proposer des r\u00e9mun\u00e9rations comp\u00e9titives et favoriser des cultures de travail inclusives sont des strat\u00e9gies cl\u00e9s pour attirer et retenir les talents internationaux, garantissant ainsi un afflux constant de professionnels qualifi\u00e9s.<\/p>\n\n\n\n<p class=\"wp-block-paragraph\">L&#8217;exploitation du vivier de talents internationaux permet aux entreprises de prosp\u00e9rer dans un environnement en \u00e9volution rapide. Pour rester comp\u00e9titif, il est essentiel de reconna\u00eetre le potentiel des talents internationaux et de prendre des mesures pour exploiter cette ressource transformatrice.<\/p>\n\n\n\n        <style>\n            [data-hsfc-id=Renderer] .hsfc-Step .hsfc-Step__Content {\n                padding-top: 0;\n            }\n            [data-hsfc-id=Renderer] .hsfc-PostSubmit .hsfc-RichText {\n                display: block;\n            }\n\t\t\t.content-single .hs-form-html .hsfc-RichText span {\n            \tcolor: #fff;\n            }\n            #form-heading {\n                background-image: linear-gradient(to left, rgb(0, 92, 185), rgb(0, 23, 46));\n                margin-bottom: 0;\n                font-weight: 700;\n\t\t\t\tfont-size: 42px !important;\n                line-height: 50.4px;\n                color: #fff;\n                text-align: center;\n\n                padding-top: 40px;\n\t\t\t\tpadding-left: 40px;\n\t\t\t\tpadding-right: 40px;\n            }\n\t\t\t#form-heading +div{\n\t\t\t\tmargin-top: 0px;\n\t\t\t}\n\t\t\t:root :where(.is-layout-flow.no-marg-t) > * {\n\t\t\t\tmargin-top: 0 !important;\n\t\t\t}\n\t\t\t.wp-block-group.hs-form-group {\n\t\t\t\tdisplay: block;\n\t\t\t}\n\t\t\t.wp-block-group.hs-form-group.is-visible {\n\t\t\t\tdisplay: block;\n\t\t\t}\n        <\/style>\n\n        <div class=\"\" id=\"form-heading\">\n            Pr\u00eat \u00e0 vous connecter ?        <\/div>\n\n        <script \n            src=\"https:\/\/js.hsforms.net\/forms\/embed\/developer\/3013010.js\"\n            defer>\n        <\/script>\n\n        <div class=\"hs-form-html 3b73dba1-c657-4b7a-9e28-e7a79eefc625\"\n             data-region=\"na1\"\n             data-form-id=\"3b73dba1-c657-4b7a-9e28-e7a79eefc625\"\n             data-portal-id=\"3013010\">\n        <\/div>\n\n\t\t\n        \n","protected":false},"excerpt":{"rendered":"<p>Le potentiel de transformation du recrutement \u00e0 l&#8217;\u00e9chelle mondiale peut avoir un impact profond sur les organisations, en leur permettant d&#8217;acc\u00e9der \u00e0 des comp\u00e9tences sp\u00e9cialis\u00e9es, de favoriser l&#8217;innovation, de surmonter les barri\u00e8res g\u00e9ographiques et d&#8217;att\u00e9nuer les p\u00e9nuries de talents. Dans le monde interconnect\u00e9 d&#8217;aujourd&#8217;hui, la recherche de talents informatiques a \u00e9volu\u00e9 au-del\u00e0 des fronti\u00e8res locales&#8230;<\/p>\n","protected":false},"author":21,"featured_media":1356,"comment_status":"closed","ping_status":"closed","sticky":false,"template":"","format":"standard","meta":{"_acf_changed":false,"_crdt_document":"","inline_featured_image":false,"footnotes":""},"categories":[1041],"tags":[1075],"class_list":["post-18776","post","type-post","status-publish","format-standard","has-post-thumbnail","hentry","category-acquisition-de-talents"],"acf":[],"yoast_head":"<!-- This site is optimized with the Yoast SEO plugin v27.1.1 - https:\/\/yoast.com\/product\/yoast-seo-wordpress\/ -->\n<title>La puissance des talents mondiaux pour transformer | Procom<\/title>\n<meta name=\"description\" content=\"D\u00e9couvrez comment l\u2019embauche de talents mondiaux transforme votre entreprise. \u00c9largissez votre port\u00e9e, innovez et b\u00e2tissez des \u00e9quipes diversifi\u00e9es.\" \/>\n<meta name=\"robots\" content=\"index, follow, max-snippet:-1, max-image-preview:large, max-video-preview:-1\" \/>\n<link rel=\"canonical\" href=\"https:\/\/procomservices.com\/fr-ca\/insights\/la-puissance-des-talents-mondiaux-comment-lembauche-a-lechelle-internationale-peut-transformer-votre-entreprise\/\" \/>\n<meta property=\"og:locale\" content=\"fr_CA\" \/>\n<meta property=\"og:type\" content=\"article\" \/>\n<meta property=\"og:title\" content=\"La puissance des talents mondiaux pour transformer | Procom\" \/>\n<meta property=\"og:description\" content=\"D\u00e9couvrez comment l\u2019embauche de talents mondiaux transforme votre entreprise. \u00c9largissez votre port\u00e9e, innovez et b\u00e2tissez des \u00e9quipes diversifi\u00e9es.\" \/>\n<meta property=\"og:url\" content=\"https:\/\/procomservices.com\/fr-ca\/insights\/la-puissance-des-talents-mondiaux-comment-lembauche-a-lechelle-internationale-peut-transformer-votre-entreprise\/\" \/>\n<meta property=\"og:site_name\" content=\"Procom\" \/>\n<meta property=\"article:publisher\" content=\"https:\/\/www.facebook.com\/ProcomConsultantsGroup\/\" \/>\n<meta property=\"article:published_time\" content=\"2023-07-18T20:15:40+00:00\" \/>\n<meta property=\"article:modified_time\" content=\"2026-01-27T19:08:00+00:00\" \/>\n<meta property=\"og:image\" content=\"https:\/\/procomservices.com\/wp-content\/uploads\/2025\/06\/The-Power-of-Global-Talent.png\" \/>\n\t<meta property=\"og:image:width\" content=\"777\" \/>\n\t<meta property=\"og:image:height\" content=\"404\" \/>\n\t<meta property=\"og:image:type\" content=\"image\/png\" \/>\n<meta name=\"author\" content=\"Dylan.Fedy@Procomservices.com\" \/>\n<meta name=\"twitter:card\" content=\"summary_large_image\" \/>\n<meta name=\"twitter:creator\" content=\"@Procom\" \/>\n<meta name=\"twitter:site\" content=\"@Procom\" \/>\n<meta name=\"twitter:label1\" content=\"Written by\" \/>\n\t<meta name=\"twitter:data1\" content=\"Dylan.Fedy@Procomservices.com\" \/>\n\t<meta name=\"twitter:label2\" content=\"Est. reading time\" \/>\n\t<meta name=\"twitter:data2\" content=\"4 minutes\" \/>\n<script type=\"application\/ld+json\" class=\"yoast-schema-graph\">{\"@context\":\"https:\/\/schema.org\",\"@graph\":[{\"@type\":\"Article\",\"@id\":\"https:\/\/procomservices.com\/fr-ca\/insights\/la-puissance-des-talents-mondiaux-comment-lembauche-a-lechelle-internationale-peut-transformer-votre-entreprise\/#article\",\"isPartOf\":{\"@id\":\"https:\/\/procomservices.com\/fr-ca\/insights\/la-puissance-des-talents-mondiaux-comment-lembauche-a-lechelle-internationale-peut-transformer-votre-entreprise\/\"},\"author\":{\"name\":\"Dylan.Fedy@Procomservices.com\",\"@id\":\"https:\/\/procomservices.com\/fr-ca\/#\/schema\/person\/2bce332c68bf16842df6b2b00efd189c\"},\"headline\":\"La puissance des talents mondiaux \u2013 Comment l\u2019embauche \u00e0 l\u2019\u00e9chelle internationale peut transformer votre entreprise\",\"datePublished\":\"2023-07-18T20:15:40+00:00\",\"dateModified\":\"2026-01-27T19:08:00+00:00\",\"mainEntityOfPage\":{\"@id\":\"https:\/\/procomservices.com\/fr-ca\/insights\/la-puissance-des-talents-mondiaux-comment-lembauche-a-lechelle-internationale-peut-transformer-votre-entreprise\/\"},\"wordCount\":663,\"publisher\":{\"@id\":\"https:\/\/procomservices.com\/fr-ca\/#organization\"},\"image\":{\"@id\":\"https:\/\/procomservices.com\/fr-ca\/insights\/la-puissance-des-talents-mondiaux-comment-lembauche-a-lechelle-internationale-peut-transformer-votre-entreprise\/#primaryimage\"},\"thumbnailUrl\":\"https:\/\/procomservices.com\/wp-content\/uploads\/2025\/06\/The-Power-of-Global-Talent.png\",\"keywords\":[\"Acquisition de talents\"],\"articleSection\":[\"Acquisition de talents\"],\"inLanguage\":\"fr-ca\"},{\"@type\":\"WebPage\",\"@id\":\"https:\/\/procomservices.com\/fr-ca\/insights\/la-puissance-des-talents-mondiaux-comment-lembauche-a-lechelle-internationale-peut-transformer-votre-entreprise\/\",\"url\":\"https:\/\/procomservices.com\/fr-ca\/insights\/la-puissance-des-talents-mondiaux-comment-lembauche-a-lechelle-internationale-peut-transformer-votre-entreprise\/\",\"name\":\"La puissance des talents mondiaux pour transformer | Procom\",\"isPartOf\":{\"@id\":\"https:\/\/procomservices.com\/fr-ca\/#website\"},\"primaryImageOfPage\":{\"@id\":\"https:\/\/procomservices.com\/fr-ca\/insights\/la-puissance-des-talents-mondiaux-comment-lembauche-a-lechelle-internationale-peut-transformer-votre-entreprise\/#primaryimage\"},\"image\":{\"@id\":\"https:\/\/procomservices.com\/fr-ca\/insights\/la-puissance-des-talents-mondiaux-comment-lembauche-a-lechelle-internationale-peut-transformer-votre-entreprise\/#primaryimage\"},\"thumbnailUrl\":\"https:\/\/procomservices.com\/wp-content\/uploads\/2025\/06\/The-Power-of-Global-Talent.png\",\"datePublished\":\"2023-07-18T20:15:40+00:00\",\"dateModified\":\"2026-01-27T19:08:00+00:00\",\"description\":\"D\u00e9couvrez comment l\u2019embauche de talents mondiaux transforme votre entreprise. \u00c9largissez votre port\u00e9e, innovez et b\u00e2tissez des \u00e9quipes diversifi\u00e9es.\",\"breadcrumb\":{\"@id\":\"https:\/\/procomservices.com\/fr-ca\/insights\/la-puissance-des-talents-mondiaux-comment-lembauche-a-lechelle-internationale-peut-transformer-votre-entreprise\/#breadcrumb\"},\"inLanguage\":\"fr-ca\",\"potentialAction\":[{\"@type\":\"ReadAction\",\"target\":[\"https:\/\/procomservices.com\/fr-ca\/insights\/la-puissance-des-talents-mondiaux-comment-lembauche-a-lechelle-internationale-peut-transformer-votre-entreprise\/\"]}]},{\"@type\":\"ImageObject\",\"inLanguage\":\"fr-ca\",\"@id\":\"https:\/\/procomservices.com\/fr-ca\/insights\/la-puissance-des-talents-mondiaux-comment-lembauche-a-lechelle-internationale-peut-transformer-votre-entreprise\/#primaryimage\",\"url\":\"https:\/\/procomservices.com\/wp-content\/uploads\/2025\/06\/The-Power-of-Global-Talent.png\",\"contentUrl\":\"https:\/\/procomservices.com\/wp-content\/uploads\/2025\/06\/The-Power-of-Global-Talent.png\",\"width\":777,\"height\":404},{\"@type\":\"BreadcrumbList\",\"@id\":\"https:\/\/procomservices.com\/fr-ca\/insights\/la-puissance-des-talents-mondiaux-comment-lembauche-a-lechelle-internationale-peut-transformer-votre-entreprise\/#breadcrumb\",\"itemListElement\":[{\"@type\":\"ListItem\",\"position\":1,\"name\":\"Home\",\"item\":\"https:\/\/procomservices.com\/fr-ca\/\"},{\"@type\":\"ListItem\",\"position\":2,\"name\":\"La puissance des talents mondiaux \u2013 Comment l\u2019embauche \u00e0 l\u2019\u00e9chelle internationale peut transformer votre entreprise\"}]},{\"@type\":\"WebSite\",\"@id\":\"https:\/\/procomservices.com\/fr-ca\/#website\",\"url\":\"https:\/\/procomservices.com\/fr-ca\/\",\"name\":\"Procom\",\"description\":\"\",\"publisher\":{\"@id\":\"https:\/\/procomservices.com\/fr-ca\/#organization\"},\"potentialAction\":[{\"@type\":\"SearchAction\",\"target\":{\"@type\":\"EntryPoint\",\"urlTemplate\":\"https:\/\/procomservices.com\/fr-ca\/?s={search_term_string}\"},\"query-input\":{\"@type\":\"PropertyValueSpecification\",\"valueRequired\":true,\"valueName\":\"search_term_string\"}}],\"inLanguage\":\"fr-ca\"},{\"@type\":\"Organization\",\"@id\":\"https:\/\/procomservices.com\/fr-ca\/#organization\",\"name\":\"Procom\",\"url\":\"https:\/\/procomservices.com\/fr-ca\/\",\"logo\":{\"@type\":\"ImageObject\",\"inLanguage\":\"fr-ca\",\"@id\":\"https:\/\/procomservices.com\/fr-ca\/#\/schema\/logo\/image\/\",\"url\":\"https:\/\/procomservices.com\/wp-content\/uploads\/2025\/09\/Procom_Logomark_CMYK@2x.jpg\",\"contentUrl\":\"https:\/\/procomservices.com\/wp-content\/uploads\/2025\/09\/Procom_Logomark_CMYK@2x.jpg\",\"width\":1205,\"height\":807,\"caption\":\"Procom\"},\"image\":{\"@id\":\"https:\/\/procomservices.com\/fr-ca\/#\/schema\/logo\/image\/\"},\"sameAs\":[\"https:\/\/www.facebook.com\/ProcomConsultantsGroup\/\",\"https:\/\/x.com\/Procom\"]},{\"@type\":\"Person\",\"@id\":\"https:\/\/procomservices.com\/fr-ca\/#\/schema\/person\/2bce332c68bf16842df6b2b00efd189c\",\"name\":\"Dylan.Fedy@Procomservices.com\",\"image\":{\"@type\":\"ImageObject\",\"inLanguage\":\"fr-ca\",\"@id\":\"https:\/\/procomservices.com\/fr-ca\/#\/schema\/person\/image\/\",\"url\":\"https:\/\/secure.gravatar.com\/avatar\/9d8bdb884bad794f1da0b4c86f3b2ea2d1c14732916592784f8af4d706e4bf64?s=96&d=mm&r=g\",\"contentUrl\":\"https:\/\/secure.gravatar.com\/avatar\/9d8bdb884bad794f1da0b4c86f3b2ea2d1c14732916592784f8af4d706e4bf64?s=96&d=mm&r=g\",\"caption\":\"Dylan.Fedy@Procomservices.com\"}}]}<\/script>\n<!-- \/ Yoast SEO plugin. -->","yoast_head_json":{"title":"La puissance des talents mondiaux pour transformer | Procom","description":"D\u00e9couvrez comment l\u2019embauche de talents mondiaux transforme votre entreprise. \u00c9largissez votre port\u00e9e, innovez et b\u00e2tissez des \u00e9quipes diversifi\u00e9es.","robots":{"index":"index","follow":"follow","max-snippet":"max-snippet:-1","max-image-preview":"max-image-preview:large","max-video-preview":"max-video-preview:-1"},"canonical":"https:\/\/procomservices.com\/fr-ca\/insights\/la-puissance-des-talents-mondiaux-comment-lembauche-a-lechelle-internationale-peut-transformer-votre-entreprise\/","og_locale":"fr_CA","og_type":"article","og_title":"La puissance des talents mondiaux pour transformer | Procom","og_description":"D\u00e9couvrez comment l\u2019embauche de talents mondiaux transforme votre entreprise. \u00c9largissez votre port\u00e9e, innovez et b\u00e2tissez des \u00e9quipes diversifi\u00e9es.","og_url":"https:\/\/procomservices.com\/fr-ca\/insights\/la-puissance-des-talents-mondiaux-comment-lembauche-a-lechelle-internationale-peut-transformer-votre-entreprise\/","og_site_name":"Procom","article_publisher":"https:\/\/www.facebook.com\/ProcomConsultantsGroup\/","article_published_time":"2023-07-18T20:15:40+00:00","article_modified_time":"2026-01-27T19:08:00+00:00","og_image":[{"width":777,"height":404,"url":"https:\/\/procomservices.com\/wp-content\/uploads\/2025\/06\/The-Power-of-Global-Talent.png","type":"image\/png"}],"author":"Dylan.Fedy@Procomservices.com","twitter_card":"summary_large_image","twitter_creator":"@Procom","twitter_site":"@Procom","twitter_misc":{"Written by":"Dylan.Fedy@Procomservices.com","Est. reading time":"4 minutes"},"schema":{"@context":"https:\/\/schema.org","@graph":[{"@type":"Article","@id":"https:\/\/procomservices.com\/fr-ca\/insights\/la-puissance-des-talents-mondiaux-comment-lembauche-a-lechelle-internationale-peut-transformer-votre-entreprise\/#article","isPartOf":{"@id":"https:\/\/procomservices.com\/fr-ca\/insights\/la-puissance-des-talents-mondiaux-comment-lembauche-a-lechelle-internationale-peut-transformer-votre-entreprise\/"},"author":{"name":"Dylan.Fedy@Procomservices.com","@id":"https:\/\/procomservices.com\/fr-ca\/#\/schema\/person\/2bce332c68bf16842df6b2b00efd189c"},"headline":"La puissance des talents mondiaux \u2013 Comment l\u2019embauche \u00e0 l\u2019\u00e9chelle internationale peut transformer votre entreprise","datePublished":"2023-07-18T20:15:40+00:00","dateModified":"2026-01-27T19:08:00+00:00","mainEntityOfPage":{"@id":"https:\/\/procomservices.com\/fr-ca\/insights\/la-puissance-des-talents-mondiaux-comment-lembauche-a-lechelle-internationale-peut-transformer-votre-entreprise\/"},"wordCount":663,"publisher":{"@id":"https:\/\/procomservices.com\/fr-ca\/#organization"},"image":{"@id":"https:\/\/procomservices.com\/fr-ca\/insights\/la-puissance-des-talents-mondiaux-comment-lembauche-a-lechelle-internationale-peut-transformer-votre-entreprise\/#primaryimage"},"thumbnailUrl":"https:\/\/procomservices.com\/wp-content\/uploads\/2025\/06\/The-Power-of-Global-Talent.png","keywords":["Acquisition de talents"],"articleSection":["Acquisition de talents"],"inLanguage":"fr-ca"},{"@type":"WebPage","@id":"https:\/\/procomservices.com\/fr-ca\/insights\/la-puissance-des-talents-mondiaux-comment-lembauche-a-lechelle-internationale-peut-transformer-votre-entreprise\/","url":"https:\/\/procomservices.com\/fr-ca\/insights\/la-puissance-des-talents-mondiaux-comment-lembauche-a-lechelle-internationale-peut-transformer-votre-entreprise\/","name":"La puissance des talents mondiaux pour transformer | Procom","isPartOf":{"@id":"https:\/\/procomservices.com\/fr-ca\/#website"},"primaryImageOfPage":{"@id":"https:\/\/procomservices.com\/fr-ca\/insights\/la-puissance-des-talents-mondiaux-comment-lembauche-a-lechelle-internationale-peut-transformer-votre-entreprise\/#primaryimage"},"image":{"@id":"https:\/\/procomservices.com\/fr-ca\/insights\/la-puissance-des-talents-mondiaux-comment-lembauche-a-lechelle-internationale-peut-transformer-votre-entreprise\/#primaryimage"},"thumbnailUrl":"https:\/\/procomservices.com\/wp-content\/uploads\/2025\/06\/The-Power-of-Global-Talent.png","datePublished":"2023-07-18T20:15:40+00:00","dateModified":"2026-01-27T19:08:00+00:00","description":"D\u00e9couvrez comment l\u2019embauche de talents mondiaux transforme votre entreprise. \u00c9largissez votre port\u00e9e, innovez et b\u00e2tissez des \u00e9quipes diversifi\u00e9es.","breadcrumb":{"@id":"https:\/\/procomservices.com\/fr-ca\/insights\/la-puissance-des-talents-mondiaux-comment-lembauche-a-lechelle-internationale-peut-transformer-votre-entreprise\/#breadcrumb"},"inLanguage":"fr-ca","potentialAction":[{"@type":"ReadAction","target":["https:\/\/procomservices.com\/fr-ca\/insights\/la-puissance-des-talents-mondiaux-comment-lembauche-a-lechelle-internationale-peut-transformer-votre-entreprise\/"]}]},{"@type":"ImageObject","inLanguage":"fr-ca","@id":"https:\/\/procomservices.com\/fr-ca\/insights\/la-puissance-des-talents-mondiaux-comment-lembauche-a-lechelle-internationale-peut-transformer-votre-entreprise\/#primaryimage","url":"https:\/\/procomservices.com\/wp-content\/uploads\/2025\/06\/The-Power-of-Global-Talent.png","contentUrl":"https:\/\/procomservices.com\/wp-content\/uploads\/2025\/06\/The-Power-of-Global-Talent.png","width":777,"height":404},{"@type":"BreadcrumbList","@id":"https:\/\/procomservices.com\/fr-ca\/insights\/la-puissance-des-talents-mondiaux-comment-lembauche-a-lechelle-internationale-peut-transformer-votre-entreprise\/#breadcrumb","itemListElement":[{"@type":"ListItem","position":1,"name":"Home","item":"https:\/\/procomservices.com\/fr-ca\/"},{"@type":"ListItem","position":2,"name":"La puissance des talents mondiaux \u2013 Comment l\u2019embauche \u00e0 l\u2019\u00e9chelle internationale peut transformer votre entreprise"}]},{"@type":"WebSite","@id":"https:\/\/procomservices.com\/fr-ca\/#website","url":"https:\/\/procomservices.com\/fr-ca\/","name":"Procom","description":"","publisher":{"@id":"https:\/\/procomservices.com\/fr-ca\/#organization"},"potentialAction":[{"@type":"SearchAction","target":{"@type":"EntryPoint","urlTemplate":"https:\/\/procomservices.com\/fr-ca\/?s={search_term_string}"},"query-input":{"@type":"PropertyValueSpecification","valueRequired":true,"valueName":"search_term_string"}}],"inLanguage":"fr-ca"},{"@type":"Organization","@id":"https:\/\/procomservices.com\/fr-ca\/#organization","name":"Procom","url":"https:\/\/procomservices.com\/fr-ca\/","logo":{"@type":"ImageObject","inLanguage":"fr-ca","@id":"https:\/\/procomservices.com\/fr-ca\/#\/schema\/logo\/image\/","url":"https:\/\/procomservices.com\/wp-content\/uploads\/2025\/09\/Procom_Logomark_CMYK@2x.jpg","contentUrl":"https:\/\/procomservices.com\/wp-content\/uploads\/2025\/09\/Procom_Logomark_CMYK@2x.jpg","width":1205,"height":807,"caption":"Procom"},"image":{"@id":"https:\/\/procomservices.com\/fr-ca\/#\/schema\/logo\/image\/"},"sameAs":["https:\/\/www.facebook.com\/ProcomConsultantsGroup\/","https:\/\/x.com\/Procom"]},{"@type":"Person","@id":"https:\/\/procomservices.com\/fr-ca\/#\/schema\/person\/2bce332c68bf16842df6b2b00efd189c","name":"Dylan.Fedy@Procomservices.com","image":{"@type":"ImageObject","inLanguage":"fr-ca","@id":"https:\/\/procomservices.com\/fr-ca\/#\/schema\/person\/image\/","url":"https:\/\/secure.gravatar.com\/avatar\/9d8bdb884bad794f1da0b4c86f3b2ea2d1c14732916592784f8af4d706e4bf64?s=96&d=mm&r=g","contentUrl":"https:\/\/secure.gravatar.com\/avatar\/9d8bdb884bad794f1da0b4c86f3b2ea2d1c14732916592784f8af4d706e4bf64?s=96&d=mm&r=g","caption":"Dylan.Fedy@Procomservices.com"}}]}},"_links":{"self":[{"href":"https:\/\/procomservices.com\/fr-ca\/wp-json\/wp\/v2\/posts\/18776","targetHints":{"allow":["GET"]}}],"collection":[{"href":"https:\/\/procomservices.com\/fr-ca\/wp-json\/wp\/v2\/posts"}],"about":[{"href":"https:\/\/procomservices.com\/fr-ca\/wp-json\/wp\/v2\/types\/post"}],"author":[{"embeddable":true,"href":"https:\/\/procomservices.com\/fr-ca\/wp-json\/wp\/v2\/users\/21"}],"replies":[{"embeddable":true,"href":"https:\/\/procomservices.com\/fr-ca\/wp-json\/wp\/v2\/comments?post=18776"}],"version-history":[{"count":5,"href":"https:\/\/procomservices.com\/fr-ca\/wp-json\/wp\/v2\/posts\/18776\/revisions"}],"predecessor-version":[{"id":22953,"href":"https:\/\/procomservices.com\/fr-ca\/wp-json\/wp\/v2\/posts\/18776\/revisions\/22953"}],"wp:featuredmedia":[{"embeddable":true,"href":"https:\/\/procomservices.com\/fr-ca\/wp-json\/wp\/v2\/media\/1356"}],"wp:attachment":[{"href":"https:\/\/procomservices.com\/fr-ca\/wp-json\/wp\/v2\/media?parent=18776"}],"wp:term":[{"taxonomy":"category","embeddable":true,"href":"https:\/\/procomservices.com\/fr-ca\/wp-json\/wp\/v2\/categories?post=18776"},{"taxonomy":"post_tag","embeddable":true,"href":"https:\/\/procomservices.com\/fr-ca\/wp-json\/wp\/v2\/tags?post=18776"}],"curies":[{"name":"wp","href":"https:\/\/api.w.org\/{rel}","templated":true}]}}