{"id":18930,"date":"2022-01-07T15:09:00","date_gmt":"2022-01-07T15:09:00","guid":{"rendered":"https:\/\/procomservices.com\/?p=18930"},"modified":"2025-11-19T18:52:09","modified_gmt":"2025-11-19T18:52:09","slug":"comment-integrer-les-talents-internationaux-au-canada","status":"publish","type":"post","link":"https:\/\/procomservices.com\/fr-ca\/insights\/comment-integrer-les-talents-internationaux-au-canada\/","title":{"rendered":"Comment int\u00e9grer les talents internationaux au Canada"},"content":{"rendered":"\n<p class=\"wp-block-paragraph\">Si l&#8217;int\u00e9gration de talents internationaux est un atout concurrentiel dans une \u00e9conomie mondialis\u00e9e, l&#8217;exploitation du vivier de talents internationaux s&#8217;accompagne \u00e9galement de responsabilit\u00e9s administratives et de conformit\u00e9, en plus des exigences l\u00e9gislatives et fiscales nationales qui doivent \u00eatre respect\u00e9es dans la gestion du personnel externe. Pour rester comp\u00e9titives et conformes en 2022, les entreprises doivent respecter un processus strict.&nbsp;<\/p>\n\n\n\n<p class=\"wp-block-paragraph\">Voici les \u00e9tapes de l&#8217;int\u00e9gration des talents internationaux au Canada.<\/p>\n\n\n\n<h3 class=\"wp-block-heading\"><strong>Les talents internationaux alimentent la domination du Canada dans le domaine des technologies<\/strong>&nbsp;<\/h3>\n\n\n\n<p class=\"wp-block-paragraph\">Les talents internationaux sont \u00e0 l&#8217;origine de l&#8217;essor de la technologie au Canada.&nbsp;Toronto, en Ontario, a connu la plus forte croissance d&#8217;emplois technologiques de toutes les villes d&#8217;Am\u00e9rique du Nord entre 2013 et 2018. Vancouver s&#8217;est class\u00e9e parmi les cinq premi\u00e8res villes.&nbsp;<\/p>\n\n\n\n<h2 class=\"wp-block-heading\"><strong>Engager et int\u00e9grer les talents internationaux&nbsp;<\/strong>&nbsp;<\/h2>\n\n\n\n<p class=\"wp-block-paragraph\">Cependant, une fois que votre organisation a attir\u00e9 des talents internationaux, il est essentiel de v\u00e9rifier les dossiers de conformit\u00e9 et de rester diligent dans la collecte, la v\u00e9rification et la gestion de ces documents afin de rester en conformit\u00e9 au Canada.&nbsp;&nbsp;<\/p>\n\n\n\n<p class=\"wp-block-paragraph\">Si vous \u00eates responsable de l&#8217;int\u00e9gration des talents internationaux dans votre entreprise, voici les cinq \u00e9tapes \u00e0 suivre.&nbsp;<\/p>\n\n\n\n<h3 class=\"wp-block-heading\"><strong>\u00c9TAPE 1 &#8211; Initiation : L&#8217;appel de bienvenue&nbsp;<\/strong>&nbsp;<\/h3>\n\n\n\n<ul class=\"wp-block-list\">\n<li>La premi\u00e8re \u00e9tape de l&#8217;approche d&#8217;int\u00e9gration doit consister en une base solide avec des d\u00e9tails personnalis\u00e9s adapt\u00e9s au poste. Pour assurer ce processus, un sp\u00e9cialiste de l&#8217;onboarding doit :-\u00a0Vdemander oralement si le\u00a0travailleur\u00a0est\u00a0avoir le droit de travailler au Canada.\u00a0<\/li>\n\n\n\n<li>&#8211;\u00a0Confirmer que le travailleur a le droit de travailler dans le pays du chantier.\u00a0<\/li>\n\n\n\n<li>&#8211;\u00a0Si le travailleur confirme qu&#8217;il travaille dans le cadre d&#8217;un permis de travail\/\u00e9tude, il est essentiel que le sp\u00e9cialiste de l&#8217;int\u00e9gration informe le travailleur des documents \u00e0 fournir et le conseille sur la proc\u00e9dure et le calendrier de confirmation.\u00a0<\/li>\n\n\n\n<li>Le sp\u00e9cialiste de l&#8217;int\u00e9gration doit ensuite entrer le travailleur dans le syst\u00e8me interne de suivi des candidatures de l&#8217;organisation.\u00a0<br>\u00a0<\/li>\n<\/ul>\n\n\n\n<h3 class=\"wp-block-heading\"><strong>\u00c9TAPE 2 &#8211; Suivi : Demande de documents&nbsp;<\/strong><\/h3>\n\n\n\n<p class=\"wp-block-paragraph\">La deuxi\u00e8me \u00e9tape du processus d&#8217;int\u00e9gration doit comprendre un courriel de suivi envoy\u00e9 au travailleur, d\u00e9taillant les exigences en mati\u00e8re de documentation, y compris les formulaires permettant de confirmer l&#8217;\u00e9ligibilit\u00e9 au travail dans le pays du chantier.&nbsp;&nbsp;<\/p>\n\n\n\n<p class=\"wp-block-paragraph\">Les documents requis sont les suivants :&nbsp;<br>1. Une pi\u00e8ce d&#8217;identit\u00e9 avec photo d\u00e9livr\u00e9e par le gouvernement.&nbsp;<br>2. Permis de travail\/permis d&#8217;\u00e9tudes en cours.&nbsp;<br>3. Un curriculum vitae d\u00e9taill\u00e9 et actualis\u00e9.&nbsp;&nbsp;<br>4. Documentation relative au num\u00e9ro d&#8217;assurance sociale.&nbsp;&nbsp;<\/p>\n\n\n\n<p class=\"wp-block-paragraph\">Si le travailleur est titulaire d&#8217;un permis d&#8217;\u00e9tudes, la confirmation d&#8217;un placement coop\u00e9ratif, une lettre de travail de l&#8217;\u00e9cole et un permis de travail valide sont n\u00e9cessaires. Si le travailleur n&#8217;est titulaire que d&#8217;un permis d&#8217;\u00e9tudes, il peut \u00eatre limit\u00e9 \u00e0 un maximum de 20 heures par semaine, en fonction des restrictions impos\u00e9es par le permis, et une lettre de travail coop\u00e9ratif doit \u00eatre demand\u00e9e.&nbsp;<\/p>\n\n\n\n<p class=\"wp-block-paragraph\">5. Si le travailleur int\u00e9rimaire est titulaire d&#8217;un statut implicite, les \u00e9l\u00e9ments suivants doivent \u00eatre demand\u00e9s :<br>&#8211;&nbsp;Permis de travail ou d&#8217;\u00e9tudes expir\u00e9.&nbsp;&nbsp;<br>&#8211;&nbsp;Le num\u00e9ro d&#8217;assurance sociale expir\u00e9.&nbsp;<br>&#8211;&nbsp;Preuve de la demande.&nbsp;<br>&#8211;&nbsp;Num\u00e9ro de suivi et re\u00e7u de paiement.&nbsp;<\/p>\n\n\n\n<p class=\"wp-block-paragraph\">Une fois les documents d&#8217;identification re\u00e7us et t\u00e9l\u00e9charg\u00e9s dans le syst\u00e8me de suivi des candidats, il est recommand\u00e9 au sp\u00e9cialiste de l&#8217;int\u00e9gration d&#8217;effectuer un appel vid\u00e9o pour confirmer l&#8217;identit\u00e9 sur la base de la pi\u00e8ce d&#8217;identit\u00e9 et des documents fournis.&nbsp;<\/p>\n\n\n\n<h3 class=\"wp-block-heading\">\u00c9TAPE 3 &#8211; Confirmation : Examen du document&nbsp;<\/h3>\n\n\n\n<p class=\"wp-block-paragraph\">La troisi\u00e8me \u00e9tape de l&#8217;int\u00e9gration des talents internationaux doit consister \u00e0 examiner les documents afin d&#8217;y d\u00e9celer d&#8217;\u00e9ventuelles restrictions et de valider les \u00e9l\u00e9ments suivants :&nbsp;<\/p>\n\n\n\n<ul class=\"wp-block-list\">\n<li>&#8211;\u00a0Nom du travailleur.<br>&#8211;\u00a0Date d&#8217;expiration pour s&#8217;assurer que la dur\u00e9e du contrat ne d\u00e9passe pas la date d&#8217;expiration du permis.\u00a0<br>&#8211;\u00a0Type (travail\/\u00e9tude).\u00a0<br>&#8211;\u00a0Employeur (ouvert\/ferm\u00e9).\u00a0<br>&#8211;\u00a0Restrictions (confirmation que le permis ne comporte pas de restrictions contraires au contrat, par exemple en ce qui concerne les heures de travail ou le type de travail).<br><br>Une fois les documents d&#8217;identification re\u00e7us et t\u00e9l\u00e9charg\u00e9s dans le syst\u00e8me de suivi des candidats, le sp\u00e9cialiste de l&#8217;int\u00e9gration doit effectuer un appel vid\u00e9o pour confirmer l&#8217;identit\u00e9 sur la base de la pi\u00e8ce d&#8217;identit\u00e9 et des documents fournis.\u00a0<\/li>\n<\/ul>\n\n\n\n<h3 class=\"wp-block-heading\">\u00c9TAPE 4 &#8211; Conformit\u00e9 : Examen d&#8217;approbation \u00e0 deux niveaux&nbsp;<\/h3>\n\n\n\n<p class=\"wp-block-paragraph\">Lors de l&#8217;int\u00e9gration de talents internationaux, un examen d&#8217;approbation \u00e0 deux niveaux doit \u00eatre effectu\u00e9 par le sp\u00e9cialiste de l&#8217;int\u00e9gration ainsi que par l&#8217;\u00e9quipe de conformit\u00e9 interne de l&#8217;organisation.&nbsp;&nbsp;<\/p>\n\n\n\n<p class=\"wp-block-paragraph\"><strong>Niveau 1<\/strong><strong>&nbsp;<br>Examen des sp\u00e9cialistes de l&#8217;accueil<\/strong><br>Pour s&#8217;assurer que toutes les conditions sont remplies, les documents des travailleurs doivent \u00eatre rassembl\u00e9s \u00e0 l&#8217;aide d&#8217;une liste de contr\u00f4le et inclus dans le dossier de demande de permis de travail du travailleur.&nbsp;Une fois que le dossier de demande de permis est complet, le sp\u00e9cialiste de l&#8217;int\u00e9gration doit envoyer la liste de contr\u00f4le et toute la documentation applicable \u00e0 un responsable de la conformit\u00e9 des ressources humaines internes.&nbsp;&nbsp;<\/p>\n\n\n\n<p class=\"wp-block-paragraph\">Le sp\u00e9cialiste de l&#8217;int\u00e9gration et l&#8217;\u00e9quipe interne charg\u00e9e de la conformit\u00e9 doivent ensuite comparer les dates du contrat et les consid\u00e9rations sp\u00e9ciales pour s&#8217;assurer qu&#8217;elles correspondent aux conditions du permis.&nbsp;&nbsp;<\/p>\n\n\n\n<p class=\"wp-block-paragraph\">Une fois que tous les documents ont \u00e9t\u00e9 t\u00e9l\u00e9charg\u00e9s dans le syst\u00e8me de suivi des candidats, le responsable de la conformit\u00e9 des ressources humaines doit v\u00e9rifier et valider que le permis ou le statut implicite est acceptable et conforme aux lignes directrices l\u00e9gislatives.&nbsp;<\/p>\n\n\n\n<p class=\"wp-block-paragraph\">Niveau 2&nbsp;<br>Examen du back-office&nbsp;<br>Une fois que l&#8217;agent de conformit\u00e9 des ressources humaines a donn\u00e9 son accord, le sp\u00e9cialiste de l&#8217;int\u00e9gration veille \u00e0 ce que la date d&#8217;expiration du permis de travail ou du statut implicite soit saisie dans le syst\u00e8me de suivi des candidats \u00e0 des fins d&#8217;\u00e9tablissement de rapports et de suivi.&nbsp;<\/p>\n\n\n\n<p class=\"wp-block-paragraph\">Un deuxi\u00e8me audit doit alors \u00eatre effectu\u00e9 par une \u00e9quipe interne de soutien au back-office, selon les m\u00eames proc\u00e9dures que le processus d&#8217;examen de niveau 1.&nbsp;<\/p>\n\n\n\n<h3 class=\"wp-block-heading\">\u00c9TAPE 5 &#8211; Ach\u00e8vement : Suivi et renouvellement&nbsp;<\/h3>\n\n\n\n<p class=\"wp-block-paragraph\">Une fois que le dossier de candidature du travailleur international est approuv\u00e9, il est pr\u00eat \u00e0 commencer \u00e0 travailler !&nbsp;Tant que le travailleur est sous contrat, il est important que l&#8217;organisation proc\u00e8de \u00e0 des examens mensuels du statut du permis\/de l&#8217;autorisation afin d&#8217;assurer un suivi r\u00e9gulier des documents valides du travailleur.&nbsp;&nbsp;<\/p>\n\n\n\n<p class=\"wp-block-paragraph\">L&#8217;organisation devrait \u00e9galement assurer le suivi :<br>&#8211;&nbsp;Les travailleurs internationaux en statut implicite tous les 30 jours pour d\u00e9terminer l&#8217;\u00e9tat d&#8217;avancement de la demande.<br>&#8211;&nbsp;En cas d&#8217;approbation, un sp\u00e9cialiste de l&#8217;int\u00e9gration doit revenir \u00e0 l&#8217;\u00e9tape 2 et r\u00e9p\u00e9ter le processus d&#8217;int\u00e9gration.<br>&#8211;&nbsp;Si une demande est refus\u00e9e, le travailleur doit \u00eatre inform\u00e9 qu&#8217;il doit quitter les lieux.<br>&#8211;&nbsp;Si le permis expire, le sp\u00e9cialiste de l&#8217;int\u00e9gration en informe le travailleur et reprend la proc\u00e9dure \u00e0 partir de l&#8217;\u00e9tape 2.&nbsp;<\/p>\n\n\n\n<p class=\"wp-block-paragraph\">\u00c0 une \u00e9poque o\u00f9 la flexibilit\u00e9 et la&nbsp;<a href=\"https:\/\/procomstaging.kinsta.cloud\/fr-ca\/hiring-tips\/news\/creative-types-attract-retain-0\/\" target=\"_blank\" rel=\"noreferrer noopener\">la cr\u00e9ativit\u00e9<\/a>&nbsp;sont les cl\u00e9s de la comp\u00e9titivit\u00e9, la diversit\u00e9 est essentielle \u00e0 la r\u00e9ussite d&#8217;une organisation.<\/p>\n\n\n\n<p class=\"wp-block-paragraph\"><em>Voice of Talent<\/em>&nbsp;: Rapport sur le retour au bureau<\/p>\n\n\n\n<p class=\"wp-block-paragraph\">Procom a r\u00e9cemment sond\u00e9 plus de 1 000 travailleur\u00b7euses du savoir pour d\u00e9terminer leurs pr\u00e9f\u00e9rences en mati\u00e8re de lieu et de mode de travail, alors que les bureaux rouvrent en Am\u00e9rique du Nord.. &nbsp;<\/p>\n\n\n\n<p class=\"wp-block-paragraph\">Le rapport&nbsp;<em>The Voice of Talent<\/em>&nbsp;fournit des perspectives utiles sur les attentes des travailleur\u00b7euses en ce qui concerne les vaccinations obligatoires, les pr\u00e9f\u00e9rences en mati\u00e8re de t\u00e9l\u00e9travail, la grande d\u00e9mission, les mesures de s\u00e9curit\u00e9 COVID-19 et bien d&#8217;autres choses encore.<\/p>\n\n\n\n<p class=\"wp-block-paragraph\"><strong>Obtenez votre exemplaire gratuit pour d\u00e9couvrir comment attirer des talents dans un monde postpand\u00e9mique :&nbsp;<\/strong><\/p>\n\n\n\n<p class=\"wp-block-paragraph\"><a href=\"\/fr-ca\/resources\/the-voice-of-talent\/\">T\u00e9l\u00e9charger le rapport<\/a><\/p>\n\n\n\n        <style>\n            [data-hsfc-id=Renderer] .hsfc-Step .hsfc-Step__Content {\n                padding-top: 0;\n            }\n            [data-hsfc-id=Renderer] .hsfc-PostSubmit .hsfc-RichText {\n                display: block;\n            }\n\t\t\t.content-single .hs-form-html .hsfc-RichText span {\n            \tcolor: #fff;\n            }\n            #form-heading {\n                background-image: linear-gradient(to left, rgb(0, 92, 185), rgb(0, 23, 46));\n                margin-bottom: 0;\n                font-weight: 700;\n\t\t\t\tfont-size: 42px !important;\n                line-height: 50.4px;\n                color: #fff;\n                text-align: center;\n\n                padding-top: 40px;\n\t\t\t\tpadding-left: 40px;\n\t\t\t\tpadding-right: 40px;\n            }\n\t\t\t#form-heading +div{\n\t\t\t\tmargin-top: 0px;\n\t\t\t}\n\t\t\t:root :where(.is-layout-flow.no-marg-t) > * {\n\t\t\t\tmargin-top: 0 !important;\n\t\t\t}\n\t\t\t.wp-block-group.hs-form-group {\n\t\t\t\tdisplay: block;\n\t\t\t}\n\t\t\t.wp-block-group.hs-form-group.is-visible {\n\t\t\t\tdisplay: block;\n\t\t\t}\n        <\/style>\n\n        <div class=\"\" id=\"form-heading\">\n            Pr\u00eat \u00e0 vous connecter ?        <\/div>\n\n        <script \n            src=\"https:\/\/js.hsforms.net\/forms\/embed\/developer\/3013010.js\"\n            defer>\n        <\/script>\n\n        <div class=\"hs-form-html 3b73dba1-c657-4b7a-9e28-e7a79eefc625\"\n             data-region=\"na1\"\n             data-form-id=\"3b73dba1-c657-4b7a-9e28-e7a79eefc625\"\n             data-portal-id=\"3013010\">\n        <\/div>\n\n\t\t\n        \n","protected":false},"excerpt":{"rendered":"<p>Si l&#8217;int\u00e9gration de talents internationaux est un atout concurrentiel dans une \u00e9conomie mondialis\u00e9e, l&#8217;exploitation du vivier de talents internationaux s&#8217;accompagne \u00e9galement de responsabilit\u00e9s administratives et de conformit\u00e9, en plus des exigences l\u00e9gislatives et fiscales nationales qui doivent \u00eatre respect\u00e9es dans la gestion du personnel externe. Pour rester comp\u00e9titives et conformes en 2022, les entreprises doivent&#8230;<\/p>\n","protected":false},"author":21,"featured_media":1550,"comment_status":"closed","ping_status":"closed","sticky":false,"template":"","format":"standard","meta":{"_acf_changed":false,"_crdt_document":"","inline_featured_image":false,"footnotes":""},"categories":[1041],"tags":[1075],"class_list":["post-18930","post","type-post","status-publish","format-standard","has-post-thumbnail","hentry","category-acquisition-de-talents"],"acf":[],"yoast_head":"<!-- This site is optimized with the Yoast SEO plugin v27.1.1 - https:\/\/yoast.com\/product\/yoast-seo-wordpress\/ -->\n<title>Comment int\u00e9grer les talents internationaux au Canada | Procom<\/title>\n<meta name=\"description\" content=\"D\u00e9couvrez comment int\u00e9grer les talents internationaux au Canada. Favorisez la diversit\u00e9, simplifiez l\u2019int\u00e9gration et renforcez votre main-d\u2019\u0153uvre.\" \/>\n<meta name=\"robots\" content=\"index, follow, max-snippet:-1, max-image-preview:large, max-video-preview:-1\" \/>\n<link rel=\"canonical\" href=\"https:\/\/procomservices.com\/fr-ca\/insights\/comment-integrer-les-talents-internationaux-au-canada\/\" \/>\n<meta property=\"og:locale\" content=\"fr_CA\" \/>\n<meta property=\"og:type\" content=\"article\" \/>\n<meta property=\"og:title\" content=\"Comment int\u00e9grer les talents internationaux au Canada | Procom\" \/>\n<meta property=\"og:description\" content=\"D\u00e9couvrez comment int\u00e9grer les talents internationaux au Canada. Favorisez la diversit\u00e9, simplifiez l\u2019int\u00e9gration et renforcez votre main-d\u2019\u0153uvre.\" \/>\n<meta property=\"og:url\" content=\"https:\/\/procomservices.com\/fr-ca\/insights\/comment-integrer-les-talents-internationaux-au-canada\/\" \/>\n<meta property=\"og:site_name\" content=\"Procom\" \/>\n<meta property=\"article:publisher\" content=\"https:\/\/www.facebook.com\/ProcomConsultantsGroup\/\" \/>\n<meta property=\"article:published_time\" content=\"2022-01-07T15:09:00+00:00\" \/>\n<meta property=\"article:modified_time\" content=\"2025-11-19T18:52:09+00:00\" \/>\n<meta property=\"og:image\" content=\"https:\/\/procomservices.com\/wp-content\/uploads\/2025\/06\/Social-Blog-Cards-with-text-without-7-1.jpg\" \/>\n\t<meta property=\"og:image:width\" content=\"1200\" \/>\n\t<meta property=\"og:image:height\" content=\"627\" \/>\n\t<meta property=\"og:image:type\" content=\"image\/jpeg\" \/>\n<meta name=\"author\" content=\"Dylan.Fedy@Procomservices.com\" \/>\n<meta name=\"twitter:card\" content=\"summary_large_image\" \/>\n<meta name=\"twitter:creator\" content=\"@Procom\" \/>\n<meta name=\"twitter:site\" content=\"@Procom\" \/>\n<meta name=\"twitter:label1\" content=\"Written by\" \/>\n\t<meta name=\"twitter:data1\" content=\"Dylan.Fedy@Procomservices.com\" \/>\n\t<meta name=\"twitter:label2\" content=\"Est. reading time\" \/>\n\t<meta name=\"twitter:data2\" content=\"7 minutes\" \/>\n<script type=\"application\/ld+json\" class=\"yoast-schema-graph\">{\"@context\":\"https:\/\/schema.org\",\"@graph\":[{\"@type\":\"Article\",\"@id\":\"https:\/\/procomservices.com\/fr-ca\/insights\/comment-integrer-les-talents-internationaux-au-canada\/#article\",\"isPartOf\":{\"@id\":\"https:\/\/procomservices.com\/fr-ca\/insights\/comment-integrer-les-talents-internationaux-au-canada\/\"},\"author\":{\"name\":\"Dylan.Fedy@Procomservices.com\",\"@id\":\"https:\/\/procomservices.com\/fr-ca\/#\/schema\/person\/2bce332c68bf16842df6b2b00efd189c\"},\"headline\":\"Comment int\u00e9grer les talents internationaux au Canada\",\"datePublished\":\"2022-01-07T15:09:00+00:00\",\"dateModified\":\"2025-11-19T18:52:09+00:00\",\"mainEntityOfPage\":{\"@id\":\"https:\/\/procomservices.com\/fr-ca\/insights\/comment-integrer-les-talents-internationaux-au-canada\/\"},\"wordCount\":1459,\"publisher\":{\"@id\":\"https:\/\/procomservices.com\/fr-ca\/#organization\"},\"image\":{\"@id\":\"https:\/\/procomservices.com\/fr-ca\/insights\/comment-integrer-les-talents-internationaux-au-canada\/#primaryimage\"},\"thumbnailUrl\":\"https:\/\/procomservices.com\/wp-content\/uploads\/2025\/06\/Social-Blog-Cards-with-text-without-7-1.jpg\",\"keywords\":[\"Acquisition de talents\"],\"articleSection\":[\"Acquisition de talents\"],\"inLanguage\":\"fr-ca\"},{\"@type\":\"WebPage\",\"@id\":\"https:\/\/procomservices.com\/fr-ca\/insights\/comment-integrer-les-talents-internationaux-au-canada\/\",\"url\":\"https:\/\/procomservices.com\/fr-ca\/insights\/comment-integrer-les-talents-internationaux-au-canada\/\",\"name\":\"Comment int\u00e9grer les talents internationaux au Canada | Procom\",\"isPartOf\":{\"@id\":\"https:\/\/procomservices.com\/fr-ca\/#website\"},\"primaryImageOfPage\":{\"@id\":\"https:\/\/procomservices.com\/fr-ca\/insights\/comment-integrer-les-talents-internationaux-au-canada\/#primaryimage\"},\"image\":{\"@id\":\"https:\/\/procomservices.com\/fr-ca\/insights\/comment-integrer-les-talents-internationaux-au-canada\/#primaryimage\"},\"thumbnailUrl\":\"https:\/\/procomservices.com\/wp-content\/uploads\/2025\/06\/Social-Blog-Cards-with-text-without-7-1.jpg\",\"datePublished\":\"2022-01-07T15:09:00+00:00\",\"dateModified\":\"2025-11-19T18:52:09+00:00\",\"description\":\"D\u00e9couvrez comment int\u00e9grer les talents internationaux au Canada. Favorisez la diversit\u00e9, simplifiez l\u2019int\u00e9gration et renforcez votre main-d\u2019\u0153uvre.\",\"breadcrumb\":{\"@id\":\"https:\/\/procomservices.com\/fr-ca\/insights\/comment-integrer-les-talents-internationaux-au-canada\/#breadcrumb\"},\"inLanguage\":\"fr-ca\",\"potentialAction\":[{\"@type\":\"ReadAction\",\"target\":[\"https:\/\/procomservices.com\/fr-ca\/insights\/comment-integrer-les-talents-internationaux-au-canada\/\"]}]},{\"@type\":\"ImageObject\",\"inLanguage\":\"fr-ca\",\"@id\":\"https:\/\/procomservices.com\/fr-ca\/insights\/comment-integrer-les-talents-internationaux-au-canada\/#primaryimage\",\"url\":\"https:\/\/procomservices.com\/wp-content\/uploads\/2025\/06\/Social-Blog-Cards-with-text-without-7-1.jpg\",\"contentUrl\":\"https:\/\/procomservices.com\/wp-content\/uploads\/2025\/06\/Social-Blog-Cards-with-text-without-7-1.jpg\",\"width\":1200,\"height\":627},{\"@type\":\"BreadcrumbList\",\"@id\":\"https:\/\/procomservices.com\/fr-ca\/insights\/comment-integrer-les-talents-internationaux-au-canada\/#breadcrumb\",\"itemListElement\":[{\"@type\":\"ListItem\",\"position\":1,\"name\":\"Home\",\"item\":\"https:\/\/procomservices.com\/fr-ca\/\"},{\"@type\":\"ListItem\",\"position\":2,\"name\":\"Comment int\u00e9grer les talents internationaux au Canada\"}]},{\"@type\":\"WebSite\",\"@id\":\"https:\/\/procomservices.com\/fr-ca\/#website\",\"url\":\"https:\/\/procomservices.com\/fr-ca\/\",\"name\":\"Procom\",\"description\":\"\",\"publisher\":{\"@id\":\"https:\/\/procomservices.com\/fr-ca\/#organization\"},\"potentialAction\":[{\"@type\":\"SearchAction\",\"target\":{\"@type\":\"EntryPoint\",\"urlTemplate\":\"https:\/\/procomservices.com\/fr-ca\/?s={search_term_string}\"},\"query-input\":{\"@type\":\"PropertyValueSpecification\",\"valueRequired\":true,\"valueName\":\"search_term_string\"}}],\"inLanguage\":\"fr-ca\"},{\"@type\":\"Organization\",\"@id\":\"https:\/\/procomservices.com\/fr-ca\/#organization\",\"name\":\"Procom\",\"url\":\"https:\/\/procomservices.com\/fr-ca\/\",\"logo\":{\"@type\":\"ImageObject\",\"inLanguage\":\"fr-ca\",\"@id\":\"https:\/\/procomservices.com\/fr-ca\/#\/schema\/logo\/image\/\",\"url\":\"https:\/\/procomservices.com\/wp-content\/uploads\/2025\/09\/Procom_Logomark_CMYK@2x.jpg\",\"contentUrl\":\"https:\/\/procomservices.com\/wp-content\/uploads\/2025\/09\/Procom_Logomark_CMYK@2x.jpg\",\"width\":1205,\"height\":807,\"caption\":\"Procom\"},\"image\":{\"@id\":\"https:\/\/procomservices.com\/fr-ca\/#\/schema\/logo\/image\/\"},\"sameAs\":[\"https:\/\/www.facebook.com\/ProcomConsultantsGroup\/\",\"https:\/\/x.com\/Procom\"]},{\"@type\":\"Person\",\"@id\":\"https:\/\/procomservices.com\/fr-ca\/#\/schema\/person\/2bce332c68bf16842df6b2b00efd189c\",\"name\":\"Dylan.Fedy@Procomservices.com\",\"image\":{\"@type\":\"ImageObject\",\"inLanguage\":\"fr-ca\",\"@id\":\"https:\/\/procomservices.com\/fr-ca\/#\/schema\/person\/image\/\",\"url\":\"https:\/\/secure.gravatar.com\/avatar\/9d8bdb884bad794f1da0b4c86f3b2ea2d1c14732916592784f8af4d706e4bf64?s=96&d=mm&r=g\",\"contentUrl\":\"https:\/\/secure.gravatar.com\/avatar\/9d8bdb884bad794f1da0b4c86f3b2ea2d1c14732916592784f8af4d706e4bf64?s=96&d=mm&r=g\",\"caption\":\"Dylan.Fedy@Procomservices.com\"}}]}<\/script>\n<!-- \/ Yoast SEO plugin. -->","yoast_head_json":{"title":"Comment int\u00e9grer les talents internationaux au Canada | Procom","description":"D\u00e9couvrez comment int\u00e9grer les talents internationaux au Canada. Favorisez la diversit\u00e9, simplifiez l\u2019int\u00e9gration et renforcez votre main-d\u2019\u0153uvre.","robots":{"index":"index","follow":"follow","max-snippet":"max-snippet:-1","max-image-preview":"max-image-preview:large","max-video-preview":"max-video-preview:-1"},"canonical":"https:\/\/procomservices.com\/fr-ca\/insights\/comment-integrer-les-talents-internationaux-au-canada\/","og_locale":"fr_CA","og_type":"article","og_title":"Comment int\u00e9grer les talents internationaux au Canada | Procom","og_description":"D\u00e9couvrez comment int\u00e9grer les talents internationaux au Canada. Favorisez la diversit\u00e9, simplifiez l\u2019int\u00e9gration et renforcez votre main-d\u2019\u0153uvre.","og_url":"https:\/\/procomservices.com\/fr-ca\/insights\/comment-integrer-les-talents-internationaux-au-canada\/","og_site_name":"Procom","article_publisher":"https:\/\/www.facebook.com\/ProcomConsultantsGroup\/","article_published_time":"2022-01-07T15:09:00+00:00","article_modified_time":"2025-11-19T18:52:09+00:00","og_image":[{"width":1200,"height":627,"url":"https:\/\/procomservices.com\/wp-content\/uploads\/2025\/06\/Social-Blog-Cards-with-text-without-7-1.jpg","type":"image\/jpeg"}],"author":"Dylan.Fedy@Procomservices.com","twitter_card":"summary_large_image","twitter_creator":"@Procom","twitter_site":"@Procom","twitter_misc":{"Written by":"Dylan.Fedy@Procomservices.com","Est. reading time":"7 minutes"},"schema":{"@context":"https:\/\/schema.org","@graph":[{"@type":"Article","@id":"https:\/\/procomservices.com\/fr-ca\/insights\/comment-integrer-les-talents-internationaux-au-canada\/#article","isPartOf":{"@id":"https:\/\/procomservices.com\/fr-ca\/insights\/comment-integrer-les-talents-internationaux-au-canada\/"},"author":{"name":"Dylan.Fedy@Procomservices.com","@id":"https:\/\/procomservices.com\/fr-ca\/#\/schema\/person\/2bce332c68bf16842df6b2b00efd189c"},"headline":"Comment int\u00e9grer les talents internationaux au Canada","datePublished":"2022-01-07T15:09:00+00:00","dateModified":"2025-11-19T18:52:09+00:00","mainEntityOfPage":{"@id":"https:\/\/procomservices.com\/fr-ca\/insights\/comment-integrer-les-talents-internationaux-au-canada\/"},"wordCount":1459,"publisher":{"@id":"https:\/\/procomservices.com\/fr-ca\/#organization"},"image":{"@id":"https:\/\/procomservices.com\/fr-ca\/insights\/comment-integrer-les-talents-internationaux-au-canada\/#primaryimage"},"thumbnailUrl":"https:\/\/procomservices.com\/wp-content\/uploads\/2025\/06\/Social-Blog-Cards-with-text-without-7-1.jpg","keywords":["Acquisition de talents"],"articleSection":["Acquisition de talents"],"inLanguage":"fr-ca"},{"@type":"WebPage","@id":"https:\/\/procomservices.com\/fr-ca\/insights\/comment-integrer-les-talents-internationaux-au-canada\/","url":"https:\/\/procomservices.com\/fr-ca\/insights\/comment-integrer-les-talents-internationaux-au-canada\/","name":"Comment int\u00e9grer les talents internationaux au Canada | Procom","isPartOf":{"@id":"https:\/\/procomservices.com\/fr-ca\/#website"},"primaryImageOfPage":{"@id":"https:\/\/procomservices.com\/fr-ca\/insights\/comment-integrer-les-talents-internationaux-au-canada\/#primaryimage"},"image":{"@id":"https:\/\/procomservices.com\/fr-ca\/insights\/comment-integrer-les-talents-internationaux-au-canada\/#primaryimage"},"thumbnailUrl":"https:\/\/procomservices.com\/wp-content\/uploads\/2025\/06\/Social-Blog-Cards-with-text-without-7-1.jpg","datePublished":"2022-01-07T15:09:00+00:00","dateModified":"2025-11-19T18:52:09+00:00","description":"D\u00e9couvrez comment int\u00e9grer les talents internationaux au Canada. Favorisez la diversit\u00e9, simplifiez l\u2019int\u00e9gration et renforcez votre main-d\u2019\u0153uvre.","breadcrumb":{"@id":"https:\/\/procomservices.com\/fr-ca\/insights\/comment-integrer-les-talents-internationaux-au-canada\/#breadcrumb"},"inLanguage":"fr-ca","potentialAction":[{"@type":"ReadAction","target":["https:\/\/procomservices.com\/fr-ca\/insights\/comment-integrer-les-talents-internationaux-au-canada\/"]}]},{"@type":"ImageObject","inLanguage":"fr-ca","@id":"https:\/\/procomservices.com\/fr-ca\/insights\/comment-integrer-les-talents-internationaux-au-canada\/#primaryimage","url":"https:\/\/procomservices.com\/wp-content\/uploads\/2025\/06\/Social-Blog-Cards-with-text-without-7-1.jpg","contentUrl":"https:\/\/procomservices.com\/wp-content\/uploads\/2025\/06\/Social-Blog-Cards-with-text-without-7-1.jpg","width":1200,"height":627},{"@type":"BreadcrumbList","@id":"https:\/\/procomservices.com\/fr-ca\/insights\/comment-integrer-les-talents-internationaux-au-canada\/#breadcrumb","itemListElement":[{"@type":"ListItem","position":1,"name":"Home","item":"https:\/\/procomservices.com\/fr-ca\/"},{"@type":"ListItem","position":2,"name":"Comment int\u00e9grer les talents internationaux au Canada"}]},{"@type":"WebSite","@id":"https:\/\/procomservices.com\/fr-ca\/#website","url":"https:\/\/procomservices.com\/fr-ca\/","name":"Procom","description":"","publisher":{"@id":"https:\/\/procomservices.com\/fr-ca\/#organization"},"potentialAction":[{"@type":"SearchAction","target":{"@type":"EntryPoint","urlTemplate":"https:\/\/procomservices.com\/fr-ca\/?s={search_term_string}"},"query-input":{"@type":"PropertyValueSpecification","valueRequired":true,"valueName":"search_term_string"}}],"inLanguage":"fr-ca"},{"@type":"Organization","@id":"https:\/\/procomservices.com\/fr-ca\/#organization","name":"Procom","url":"https:\/\/procomservices.com\/fr-ca\/","logo":{"@type":"ImageObject","inLanguage":"fr-ca","@id":"https:\/\/procomservices.com\/fr-ca\/#\/schema\/logo\/image\/","url":"https:\/\/procomservices.com\/wp-content\/uploads\/2025\/09\/Procom_Logomark_CMYK@2x.jpg","contentUrl":"https:\/\/procomservices.com\/wp-content\/uploads\/2025\/09\/Procom_Logomark_CMYK@2x.jpg","width":1205,"height":807,"caption":"Procom"},"image":{"@id":"https:\/\/procomservices.com\/fr-ca\/#\/schema\/logo\/image\/"},"sameAs":["https:\/\/www.facebook.com\/ProcomConsultantsGroup\/","https:\/\/x.com\/Procom"]},{"@type":"Person","@id":"https:\/\/procomservices.com\/fr-ca\/#\/schema\/person\/2bce332c68bf16842df6b2b00efd189c","name":"Dylan.Fedy@Procomservices.com","image":{"@type":"ImageObject","inLanguage":"fr-ca","@id":"https:\/\/procomservices.com\/fr-ca\/#\/schema\/person\/image\/","url":"https:\/\/secure.gravatar.com\/avatar\/9d8bdb884bad794f1da0b4c86f3b2ea2d1c14732916592784f8af4d706e4bf64?s=96&d=mm&r=g","contentUrl":"https:\/\/secure.gravatar.com\/avatar\/9d8bdb884bad794f1da0b4c86f3b2ea2d1c14732916592784f8af4d706e4bf64?s=96&d=mm&r=g","caption":"Dylan.Fedy@Procomservices.com"}}]}},"_links":{"self":[{"href":"https:\/\/procomservices.com\/fr-ca\/wp-json\/wp\/v2\/posts\/18930","targetHints":{"allow":["GET"]}}],"collection":[{"href":"https:\/\/procomservices.com\/fr-ca\/wp-json\/wp\/v2\/posts"}],"about":[{"href":"https:\/\/procomservices.com\/fr-ca\/wp-json\/wp\/v2\/types\/post"}],"author":[{"embeddable":true,"href":"https:\/\/procomservices.com\/fr-ca\/wp-json\/wp\/v2\/users\/21"}],"replies":[{"embeddable":true,"href":"https:\/\/procomservices.com\/fr-ca\/wp-json\/wp\/v2\/comments?post=18930"}],"version-history":[{"count":2,"href":"https:\/\/procomservices.com\/fr-ca\/wp-json\/wp\/v2\/posts\/18930\/revisions"}],"predecessor-version":[{"id":22885,"href":"https:\/\/procomservices.com\/fr-ca\/wp-json\/wp\/v2\/posts\/18930\/revisions\/22885"}],"wp:featuredmedia":[{"embeddable":true,"href":"https:\/\/procomservices.com\/fr-ca\/wp-json\/wp\/v2\/media\/1550"}],"wp:attachment":[{"href":"https:\/\/procomservices.com\/fr-ca\/wp-json\/wp\/v2\/media?parent=18930"}],"wp:term":[{"taxonomy":"category","embeddable":true,"href":"https:\/\/procomservices.com\/fr-ca\/wp-json\/wp\/v2\/categories?post=18930"},{"taxonomy":"post_tag","embeddable":true,"href":"https:\/\/procomservices.com\/fr-ca\/wp-json\/wp\/v2\/tags?post=18930"}],"curies":[{"name":"wp","href":"https:\/\/api.w.org\/{rel}","templated":true}]}}