{"id":20145,"date":"2022-05-13T18:53:58","date_gmt":"2022-05-13T18:53:58","guid":{"rendered":"https:\/\/procomservices.com\/procom-named-one-of-canadas-best-managed-companies\/"},"modified":"2026-01-27T14:56:18","modified_gmt":"2026-01-27T14:56:18","slug":"procom-figure-parmi-les-entreprises-les-mieux-gerees-au-canada-2022","status":"publish","type":"post","link":"https:\/\/procomservices.com\/fr-ca\/insights\/procom-figure-parmi-les-entreprises-les-mieux-gerees-au-canada-2022\/","title":{"rendered":"Procom figure parmi les entreprises les mieux g\u00e9r\u00e9es au Canada 2022"},"content":{"rendered":"<p style=\"margin-bottom: 0px; vertical-align: baseline; background-color: transparent; color: windowtext; text-align: center;\">PROCOM\u00a0 NOMM\u00c9 L&#8217;UNE DES ENTREPRISES LES MIEUX G\u00c9R\u00c9ES AU CANADA<\/p>\n<p style=\"margin-bottom: 0px; vertical-align: baseline; background-color: transparent; color: windowtext; text-align: center;\"><em> Procom gagne un prix prestigieux pour la 15e ann\u00e9e cons\u00e9cutive<\/em><\/p>\n<p>\u00a0<\/p>\n<p>Toronto, ON &#8211; 13 mai 2022 &#8211; Procom annonce aujourd&#8217;hui sa reconnaissance des performances globales de l&#8217;entreprise et de sa croissance soutenue en gagnant la prestigieuse d\u00e9signation des soci\u00e9t\u00e9s les mieux g\u00e9r\u00e9es au Canada. Les 2022 Les laur\u00e9ats du programme des soci\u00e9t\u00e9s les mieux g\u00e9r\u00e9es font partie des meilleures entreprises d\u00e9tenues et g\u00e9r\u00e9es par des Canadiens et dont le chiffre d&#8217;affaires est sup\u00e9rieur \u00e0 $15 millions d&#8217;euros., la d\u00e9monstration de la strat\u00e9gie, capacit\u00e9, et l&#8217;engagement \u00e0 atteindre les objectifs de l&#8217;UE.ing\u00e9rer une croissance durable.<\/p>\n<p>Procom maintient son statut de membre du Club Platine : Les organisations qui ont conserv\u00e9 leur statut de meilleure gestion pendant sept ans ou plus.<\/p>\n<p>\u00ab Recevoir la reconnaissance comme l\u2019une des soci\u00e9t\u00e9s les mieux g\u00e9r\u00e9es au Canada pour une 15e ann\u00e9e cons\u00e9cutive est vraiment quelque chose de remarquable dont toute notre \u00e9quipe est fi\u00e8re. Au nom de Procom, j\u2019aimerais remercier nos clients de continuer \u00e0 nous faire confiance et je tiens \u00e0 remercier tout particuli\u00e8rement toute l\u2019\u00e9quipe de Procom pour rester concentr\u00e9e sur la compr\u00e9hension des besoins de nos clients et pour travailler dur pour leur montrer de la valeur \u00bb, a d\u00e9clar\u00e9 Alex MacKenzie, vice-pr\u00e9sident de Procom.<\/p>\n<p>Les soci\u00e9t\u00e9s les mieux g\u00e9r\u00e9es au Canada, qui en sont \u00e0 leur 29e ann\u00e9e d&#8217;existence, constituent l&#8217;un des principaux programmes de r\u00e9compenses commerciales du pays, reconnaissant les soci\u00e9t\u00e9s d\u00e9tenues et g\u00e9r\u00e9es par des Canadiens pour leurs pratiques commerciales novatrices et de classe mondiale. Chaque ann\u00e9e, des centaines de soci\u00e9t\u00e9s entrepreneuriales concourent pour obtenir ce titre dans le cadre d&#8217;un processus rigoureux et ind\u00e9pendant qui \u00e9value le calibre de leurs capacit\u00e9s et de leurs pratiques de gestion.\u00a0\u00a0\u00a0Les candidats sont \u00e9valu\u00e9s par un jury ind\u00e9pendant compos\u00e9 de repr\u00e9sentants des sponsors du programme et de juges invit\u00e9s.<\/p>\n\n\n<h3 class=\"wp-block-heading\"><strong>\u00c0 propos de Procom<\/strong><\/h3>\n\n\n\n<p class=\"wp-block-paragraph\">Procom est l&#8217;un des principaux fournisseurs de services de recrutement et de main-d&#8217;\u0153uvre contractuelle en Am\u00e9rique du Nord. Entreprise priv\u00e9e, Procom est profond\u00e9ment engag\u00e9e dans la croissance et l&#8217;am\u00e9lioration continues au profit de ses clients et de ses consultants. R\u00e9pondant avec succ\u00e8s aux besoins des clients de Fortune 500 depuis 1978, Procom poss\u00e8de 12 bureaux en Am\u00e9rique du Nord, avec plus de 10 000 professionnels qualifi\u00e9s actuellement en mission.<\/p>\n\n\n\n<h3 class=\"wp-block-heading\"><strong>\u00c0 propos des soci\u00e9t\u00e9s les mieux g\u00e9r\u00e9es au Canada<\/strong><\/h3>\n\n\n\n<p class=\"wp-block-paragraph\">Les soci\u00e9t\u00e9s les mieux g\u00e9r\u00e9es du Canada continuent d&#8217;\u00eatre la marque d&#8217;excellence pour les soci\u00e9t\u00e9s d\u00e9tenues et g\u00e9r\u00e9es par des Canadiens et dont le chiffre d&#8217;affaires est sup\u00e9rieur \u00e0 $15 millions d&#8217;euros. Chaque ann\u00e9e, depuis le lancement du programme en 1993, des centaines de soci\u00e9t\u00e9s entrepreneuriales concourent pour obtenir cette d\u00e9signation dans le cadre d&#8217;un processus rigoureux et ind\u00e9pendant qui \u00e9value leurs comp\u00e9tences et leurs pratiques de gestion.<\/p>\n\n\n\n<h3 class=\"wp-block-heading\"><strong>Nous joindre<\/strong><\/h3>\n\n\n\n<p class=\"wp-block-paragraph\">Alex MacKenzie, Vice Pr\u00e9sident, Procom<br><a href=\"mailto:alex.mackenzie@procomservices.com\" target=\"_blank\" rel=\"noreferrer noopener\">alex.mackenzie@procomservices.com<\/a><\/p>\n\n\n\n<p class=\"wp-block-paragraph\"><\/p>\n\n\n\n<p class=\"wp-block-paragraph\"><\/p>\n\n\n\n        <style>\n            [data-hsfc-id=Renderer] .hsfc-Step .hsfc-Step__Content {\n                padding-top: 0;\n            }\n            [data-hsfc-id=Renderer] .hsfc-PostSubmit .hsfc-RichText {\n                display: block;\n            }\n\t\t\t.content-single .hs-form-html .hsfc-RichText span {\n            \tcolor: #fff;\n            }\n            #form-heading {\n                background-image: linear-gradient(to left, rgb(0, 92, 185), rgb(0, 23, 46));\n                margin-bottom: 0;\n                font-weight: 700;\n\t\t\t\tfont-size: 42px !important;\n                line-height: 50.4px;\n                color: #fff;\n                text-align: center;\n\n                padding-top: 40px;\n\t\t\t\tpadding-left: 40px;\n\t\t\t\tpadding-right: 40px;\n            }\n\t\t\t#form-heading +div{\n\t\t\t\tmargin-top: 0px;\n\t\t\t}\n\t\t\t:root :where(.is-layout-flow.no-marg-t) > * {\n\t\t\t\tmargin-top: 0 !important;\n\t\t\t}\n\t\t\t.wp-block-group.hs-form-group {\n\t\t\t\tdisplay: block;\n\t\t\t}\n\t\t\t.wp-block-group.hs-form-group.is-visible {\n\t\t\t\tdisplay: block;\n\t\t\t}\n        <\/style>\n\n        <div class=\"\" id=\"form-heading\">\n            Pr\u00eat \u00e0 vous connecter ?        <\/div>\n\n        <script \n            src=\"https:\/\/js.hsforms.net\/forms\/embed\/developer\/3013010.js\"\n            defer>\n        <\/script>\n\n        <div class=\"hs-form-html 3b73dba1-c657-4b7a-9e28-e7a79eefc625\"\n             data-region=\"na1\"\n             data-form-id=\"3b73dba1-c657-4b7a-9e28-e7a79eefc625\"\n             data-portal-id=\"3013010\">\n        <\/div>\n\n\t\t\n        \n\n\n\n<p class=\"wp-block-paragraph\"><\/p>\n","protected":false},"excerpt":{"rendered":"<p>PROCOM\u00a0 NOMM\u00c9 L&#8217;UNE DES ENTREPRISES LES MIEUX G\u00c9R\u00c9ES AU CANADA Procom gagne un prix prestigieux pour la 15e ann\u00e9e cons\u00e9cutive \u00a0 Toronto, ON &#8211; 13 mai 2022 &#8211; Procom annonce aujourd&#8217;hui sa reconnaissance des performances globales de l&#8217;entreprise et de sa croissance soutenue en gagnant la prestigieuse d\u00e9signation des soci\u00e9t\u00e9s les mieux g\u00e9r\u00e9es au Canada&#8230;.<\/p>\n","protected":false},"author":21,"featured_media":18717,"comment_status":"closed","ping_status":"closed","sticky":false,"template":"","format":"standard","meta":{"_acf_changed":false,"_crdt_document":"","inline_featured_image":false,"footnotes":""},"categories":[1039],"tags":[1075,1066],"class_list":["post-20145","post","type-post","status-publish","format-standard","has-post-thumbnail","hentry","category-actualites"],"acf":[],"yoast_head":"<!-- This site is optimized with the Yoast SEO plugin v27.1.1 - https:\/\/yoast.com\/product\/yoast-seo-wordpress\/ -->\n<title>Procom figure parmi les entreprises les mieux g\u00e9r\u00e9es au Canada 2022 - Procom<\/title>\n<meta name=\"description\" content=\"Procom gagne un prix prestigieux pour la 15e ann\u00e9e cons\u00e9cutive\" \/>\n<meta name=\"robots\" content=\"index, follow, max-snippet:-1, max-image-preview:large, max-video-preview:-1\" \/>\n<link rel=\"canonical\" href=\"https:\/\/procomservices.com\/fr-ca\/insights\/procom-figure-parmi-les-entreprises-les-mieux-gerees-au-canada-2022\/\" \/>\n<meta property=\"og:locale\" content=\"fr_CA\" \/>\n<meta property=\"og:type\" content=\"article\" \/>\n<meta property=\"og:title\" content=\"Procom figure parmi les entreprises les mieux g\u00e9r\u00e9es au Canada 2022 - Procom\" \/>\n<meta property=\"og:description\" content=\"Procom gagne un prix prestigieux pour la 15e ann\u00e9e cons\u00e9cutive\" \/>\n<meta property=\"og:url\" content=\"https:\/\/procomservices.com\/fr-ca\/insights\/procom-figure-parmi-les-entreprises-les-mieux-gerees-au-canada-2022\/\" \/>\n<meta property=\"og:site_name\" content=\"Procom\" \/>\n<meta property=\"article:publisher\" content=\"https:\/\/www.facebook.com\/ProcomConsultantsGroup\/\" \/>\n<meta property=\"article:published_time\" content=\"2022-05-13T18:53:58+00:00\" \/>\n<meta property=\"article:modified_time\" content=\"2026-01-27T14:56:18+00:00\" \/>\n<meta property=\"og:image\" content=\"https:\/\/procomservices.com\/wp-content\/uploads\/2025\/08\/trois-femmes-deux-hommes-devant-ordinateur.jpg\" \/>\n\t<meta property=\"og:image:width\" content=\"1280\" \/>\n\t<meta property=\"og:image:height\" content=\"720\" \/>\n\t<meta property=\"og:image:type\" content=\"image\/jpeg\" \/>\n<meta name=\"author\" content=\"Dylan.Fedy@Procomservices.com\" \/>\n<meta name=\"twitter:card\" content=\"summary_large_image\" \/>\n<meta name=\"twitter:creator\" content=\"@Procom\" \/>\n<meta name=\"twitter:site\" content=\"@Procom\" \/>\n<meta name=\"twitter:label1\" content=\"Written by\" \/>\n\t<meta name=\"twitter:data1\" content=\"Dylan.Fedy@Procomservices.com\" \/>\n\t<meta name=\"twitter:label2\" content=\"Est. reading time\" \/>\n\t<meta name=\"twitter:data2\" content=\"3 minutes\" \/>\n<script type=\"application\/ld+json\" class=\"yoast-schema-graph\">{\"@context\":\"https:\/\/schema.org\",\"@graph\":[{\"@type\":\"Article\",\"@id\":\"https:\/\/procomservices.com\/fr-ca\/insights\/procom-figure-parmi-les-entreprises-les-mieux-gerees-au-canada-2022\/#article\",\"isPartOf\":{\"@id\":\"https:\/\/procomservices.com\/fr-ca\/insights\/procom-figure-parmi-les-entreprises-les-mieux-gerees-au-canada-2022\/\"},\"author\":{\"name\":\"Dylan.Fedy@Procomservices.com\",\"@id\":\"https:\/\/procomservices.com\/fr-ca\/#\/schema\/person\/2bce332c68bf16842df6b2b00efd189c\"},\"headline\":\"Procom figure parmi les entreprises les mieux g\u00e9r\u00e9es au Canada 2022\",\"datePublished\":\"2022-05-13T18:53:58+00:00\",\"dateModified\":\"2026-01-27T14:56:18+00:00\",\"mainEntityOfPage\":{\"@id\":\"https:\/\/procomservices.com\/fr-ca\/insights\/procom-figure-parmi-les-entreprises-les-mieux-gerees-au-canada-2022\/\"},\"wordCount\":569,\"publisher\":{\"@id\":\"https:\/\/procomservices.com\/fr-ca\/#organization\"},\"image\":{\"@id\":\"https:\/\/procomservices.com\/fr-ca\/insights\/procom-figure-parmi-les-entreprises-les-mieux-gerees-au-canada-2022\/#primaryimage\"},\"thumbnailUrl\":\"https:\/\/procomservices.com\/wp-content\/uploads\/2025\/08\/trois-femmes-deux-hommes-devant-ordinateur.jpg\",\"keywords\":[\"Acquisition de talents\",\"Actualit\u00e9s\"],\"articleSection\":[\"Actualit\u00e9s\"],\"inLanguage\":\"fr-ca\"},{\"@type\":\"WebPage\",\"@id\":\"https:\/\/procomservices.com\/fr-ca\/insights\/procom-figure-parmi-les-entreprises-les-mieux-gerees-au-canada-2022\/\",\"url\":\"https:\/\/procomservices.com\/fr-ca\/insights\/procom-figure-parmi-les-entreprises-les-mieux-gerees-au-canada-2022\/\",\"name\":\"Procom figure parmi les entreprises les mieux g\u00e9r\u00e9es au Canada 2022 - Procom\",\"isPartOf\":{\"@id\":\"https:\/\/procomservices.com\/fr-ca\/#website\"},\"primaryImageOfPage\":{\"@id\":\"https:\/\/procomservices.com\/fr-ca\/insights\/procom-figure-parmi-les-entreprises-les-mieux-gerees-au-canada-2022\/#primaryimage\"},\"image\":{\"@id\":\"https:\/\/procomservices.com\/fr-ca\/insights\/procom-figure-parmi-les-entreprises-les-mieux-gerees-au-canada-2022\/#primaryimage\"},\"thumbnailUrl\":\"https:\/\/procomservices.com\/wp-content\/uploads\/2025\/08\/trois-femmes-deux-hommes-devant-ordinateur.jpg\",\"datePublished\":\"2022-05-13T18:53:58+00:00\",\"dateModified\":\"2026-01-27T14:56:18+00:00\",\"description\":\"Procom gagne un prix prestigieux pour la 15e ann\u00e9e cons\u00e9cutive\",\"breadcrumb\":{\"@id\":\"https:\/\/procomservices.com\/fr-ca\/insights\/procom-figure-parmi-les-entreprises-les-mieux-gerees-au-canada-2022\/#breadcrumb\"},\"inLanguage\":\"fr-ca\",\"potentialAction\":[{\"@type\":\"ReadAction\",\"target\":[\"https:\/\/procomservices.com\/fr-ca\/insights\/procom-figure-parmi-les-entreprises-les-mieux-gerees-au-canada-2022\/\"]}]},{\"@type\":\"ImageObject\",\"inLanguage\":\"fr-ca\",\"@id\":\"https:\/\/procomservices.com\/fr-ca\/insights\/procom-figure-parmi-les-entreprises-les-mieux-gerees-au-canada-2022\/#primaryimage\",\"url\":\"https:\/\/procomservices.com\/wp-content\/uploads\/2025\/08\/trois-femmes-deux-hommes-devant-ordinateur.jpg\",\"contentUrl\":\"https:\/\/procomservices.com\/wp-content\/uploads\/2025\/08\/trois-femmes-deux-hommes-devant-ordinateur.jpg\",\"width\":1280,\"height\":720},{\"@type\":\"BreadcrumbList\",\"@id\":\"https:\/\/procomservices.com\/fr-ca\/insights\/procom-figure-parmi-les-entreprises-les-mieux-gerees-au-canada-2022\/#breadcrumb\",\"itemListElement\":[{\"@type\":\"ListItem\",\"position\":1,\"name\":\"Home\",\"item\":\"https:\/\/procomservices.com\/fr-ca\/\"},{\"@type\":\"ListItem\",\"position\":2,\"name\":\"Procom figure parmi les entreprises les mieux g\u00e9r\u00e9es au Canada 2022\"}]},{\"@type\":\"WebSite\",\"@id\":\"https:\/\/procomservices.com\/fr-ca\/#website\",\"url\":\"https:\/\/procomservices.com\/fr-ca\/\",\"name\":\"Procom\",\"description\":\"\",\"publisher\":{\"@id\":\"https:\/\/procomservices.com\/fr-ca\/#organization\"},\"potentialAction\":[{\"@type\":\"SearchAction\",\"target\":{\"@type\":\"EntryPoint\",\"urlTemplate\":\"https:\/\/procomservices.com\/fr-ca\/?s={search_term_string}\"},\"query-input\":{\"@type\":\"PropertyValueSpecification\",\"valueRequired\":true,\"valueName\":\"search_term_string\"}}],\"inLanguage\":\"fr-ca\"},{\"@type\":\"Organization\",\"@id\":\"https:\/\/procomservices.com\/fr-ca\/#organization\",\"name\":\"Procom\",\"url\":\"https:\/\/procomservices.com\/fr-ca\/\",\"logo\":{\"@type\":\"ImageObject\",\"inLanguage\":\"fr-ca\",\"@id\":\"https:\/\/procomservices.com\/fr-ca\/#\/schema\/logo\/image\/\",\"url\":\"https:\/\/procomservices.com\/wp-content\/uploads\/2025\/09\/Procom_Logomark_CMYK@2x.jpg\",\"contentUrl\":\"https:\/\/procomservices.com\/wp-content\/uploads\/2025\/09\/Procom_Logomark_CMYK@2x.jpg\",\"width\":1205,\"height\":807,\"caption\":\"Procom\"},\"image\":{\"@id\":\"https:\/\/procomservices.com\/fr-ca\/#\/schema\/logo\/image\/\"},\"sameAs\":[\"https:\/\/www.facebook.com\/ProcomConsultantsGroup\/\",\"https:\/\/x.com\/Procom\"]},{\"@type\":\"Person\",\"@id\":\"https:\/\/procomservices.com\/fr-ca\/#\/schema\/person\/2bce332c68bf16842df6b2b00efd189c\",\"name\":\"Dylan.Fedy@Procomservices.com\",\"image\":{\"@type\":\"ImageObject\",\"inLanguage\":\"fr-ca\",\"@id\":\"https:\/\/procomservices.com\/fr-ca\/#\/schema\/person\/image\/\",\"url\":\"https:\/\/secure.gravatar.com\/avatar\/9d8bdb884bad794f1da0b4c86f3b2ea2d1c14732916592784f8af4d706e4bf64?s=96&d=mm&r=g\",\"contentUrl\":\"https:\/\/secure.gravatar.com\/avatar\/9d8bdb884bad794f1da0b4c86f3b2ea2d1c14732916592784f8af4d706e4bf64?s=96&d=mm&r=g\",\"caption\":\"Dylan.Fedy@Procomservices.com\"}}]}<\/script>\n<!-- \/ Yoast SEO plugin. -->","yoast_head_json":{"title":"Procom figure parmi les entreprises les mieux g\u00e9r\u00e9es au Canada 2022 - Procom","description":"Procom gagne un prix prestigieux pour la 15e ann\u00e9e cons\u00e9cutive","robots":{"index":"index","follow":"follow","max-snippet":"max-snippet:-1","max-image-preview":"max-image-preview:large","max-video-preview":"max-video-preview:-1"},"canonical":"https:\/\/procomservices.com\/fr-ca\/insights\/procom-figure-parmi-les-entreprises-les-mieux-gerees-au-canada-2022\/","og_locale":"fr_CA","og_type":"article","og_title":"Procom figure parmi les entreprises les mieux g\u00e9r\u00e9es au Canada 2022 - Procom","og_description":"Procom gagne un prix prestigieux pour la 15e ann\u00e9e cons\u00e9cutive","og_url":"https:\/\/procomservices.com\/fr-ca\/insights\/procom-figure-parmi-les-entreprises-les-mieux-gerees-au-canada-2022\/","og_site_name":"Procom","article_publisher":"https:\/\/www.facebook.com\/ProcomConsultantsGroup\/","article_published_time":"2022-05-13T18:53:58+00:00","article_modified_time":"2026-01-27T14:56:18+00:00","og_image":[{"width":1280,"height":720,"url":"https:\/\/procomservices.com\/wp-content\/uploads\/2025\/08\/trois-femmes-deux-hommes-devant-ordinateur.jpg","type":"image\/jpeg"}],"author":"Dylan.Fedy@Procomservices.com","twitter_card":"summary_large_image","twitter_creator":"@Procom","twitter_site":"@Procom","twitter_misc":{"Written by":"Dylan.Fedy@Procomservices.com","Est. reading time":"3 minutes"},"schema":{"@context":"https:\/\/schema.org","@graph":[{"@type":"Article","@id":"https:\/\/procomservices.com\/fr-ca\/insights\/procom-figure-parmi-les-entreprises-les-mieux-gerees-au-canada-2022\/#article","isPartOf":{"@id":"https:\/\/procomservices.com\/fr-ca\/insights\/procom-figure-parmi-les-entreprises-les-mieux-gerees-au-canada-2022\/"},"author":{"name":"Dylan.Fedy@Procomservices.com","@id":"https:\/\/procomservices.com\/fr-ca\/#\/schema\/person\/2bce332c68bf16842df6b2b00efd189c"},"headline":"Procom figure parmi les entreprises les mieux g\u00e9r\u00e9es au Canada 2022","datePublished":"2022-05-13T18:53:58+00:00","dateModified":"2026-01-27T14:56:18+00:00","mainEntityOfPage":{"@id":"https:\/\/procomservices.com\/fr-ca\/insights\/procom-figure-parmi-les-entreprises-les-mieux-gerees-au-canada-2022\/"},"wordCount":569,"publisher":{"@id":"https:\/\/procomservices.com\/fr-ca\/#organization"},"image":{"@id":"https:\/\/procomservices.com\/fr-ca\/insights\/procom-figure-parmi-les-entreprises-les-mieux-gerees-au-canada-2022\/#primaryimage"},"thumbnailUrl":"https:\/\/procomservices.com\/wp-content\/uploads\/2025\/08\/trois-femmes-deux-hommes-devant-ordinateur.jpg","keywords":["Acquisition de talents","Actualit\u00e9s"],"articleSection":["Actualit\u00e9s"],"inLanguage":"fr-ca"},{"@type":"WebPage","@id":"https:\/\/procomservices.com\/fr-ca\/insights\/procom-figure-parmi-les-entreprises-les-mieux-gerees-au-canada-2022\/","url":"https:\/\/procomservices.com\/fr-ca\/insights\/procom-figure-parmi-les-entreprises-les-mieux-gerees-au-canada-2022\/","name":"Procom figure parmi les entreprises les mieux g\u00e9r\u00e9es au Canada 2022 - Procom","isPartOf":{"@id":"https:\/\/procomservices.com\/fr-ca\/#website"},"primaryImageOfPage":{"@id":"https:\/\/procomservices.com\/fr-ca\/insights\/procom-figure-parmi-les-entreprises-les-mieux-gerees-au-canada-2022\/#primaryimage"},"image":{"@id":"https:\/\/procomservices.com\/fr-ca\/insights\/procom-figure-parmi-les-entreprises-les-mieux-gerees-au-canada-2022\/#primaryimage"},"thumbnailUrl":"https:\/\/procomservices.com\/wp-content\/uploads\/2025\/08\/trois-femmes-deux-hommes-devant-ordinateur.jpg","datePublished":"2022-05-13T18:53:58+00:00","dateModified":"2026-01-27T14:56:18+00:00","description":"Procom gagne un prix prestigieux pour la 15e ann\u00e9e cons\u00e9cutive","breadcrumb":{"@id":"https:\/\/procomservices.com\/fr-ca\/insights\/procom-figure-parmi-les-entreprises-les-mieux-gerees-au-canada-2022\/#breadcrumb"},"inLanguage":"fr-ca","potentialAction":[{"@type":"ReadAction","target":["https:\/\/procomservices.com\/fr-ca\/insights\/procom-figure-parmi-les-entreprises-les-mieux-gerees-au-canada-2022\/"]}]},{"@type":"ImageObject","inLanguage":"fr-ca","@id":"https:\/\/procomservices.com\/fr-ca\/insights\/procom-figure-parmi-les-entreprises-les-mieux-gerees-au-canada-2022\/#primaryimage","url":"https:\/\/procomservices.com\/wp-content\/uploads\/2025\/08\/trois-femmes-deux-hommes-devant-ordinateur.jpg","contentUrl":"https:\/\/procomservices.com\/wp-content\/uploads\/2025\/08\/trois-femmes-deux-hommes-devant-ordinateur.jpg","width":1280,"height":720},{"@type":"BreadcrumbList","@id":"https:\/\/procomservices.com\/fr-ca\/insights\/procom-figure-parmi-les-entreprises-les-mieux-gerees-au-canada-2022\/#breadcrumb","itemListElement":[{"@type":"ListItem","position":1,"name":"Home","item":"https:\/\/procomservices.com\/fr-ca\/"},{"@type":"ListItem","position":2,"name":"Procom figure parmi les entreprises les mieux g\u00e9r\u00e9es au Canada 2022"}]},{"@type":"WebSite","@id":"https:\/\/procomservices.com\/fr-ca\/#website","url":"https:\/\/procomservices.com\/fr-ca\/","name":"Procom","description":"","publisher":{"@id":"https:\/\/procomservices.com\/fr-ca\/#organization"},"potentialAction":[{"@type":"SearchAction","target":{"@type":"EntryPoint","urlTemplate":"https:\/\/procomservices.com\/fr-ca\/?s={search_term_string}"},"query-input":{"@type":"PropertyValueSpecification","valueRequired":true,"valueName":"search_term_string"}}],"inLanguage":"fr-ca"},{"@type":"Organization","@id":"https:\/\/procomservices.com\/fr-ca\/#organization","name":"Procom","url":"https:\/\/procomservices.com\/fr-ca\/","logo":{"@type":"ImageObject","inLanguage":"fr-ca","@id":"https:\/\/procomservices.com\/fr-ca\/#\/schema\/logo\/image\/","url":"https:\/\/procomservices.com\/wp-content\/uploads\/2025\/09\/Procom_Logomark_CMYK@2x.jpg","contentUrl":"https:\/\/procomservices.com\/wp-content\/uploads\/2025\/09\/Procom_Logomark_CMYK@2x.jpg","width":1205,"height":807,"caption":"Procom"},"image":{"@id":"https:\/\/procomservices.com\/fr-ca\/#\/schema\/logo\/image\/"},"sameAs":["https:\/\/www.facebook.com\/ProcomConsultantsGroup\/","https:\/\/x.com\/Procom"]},{"@type":"Person","@id":"https:\/\/procomservices.com\/fr-ca\/#\/schema\/person\/2bce332c68bf16842df6b2b00efd189c","name":"Dylan.Fedy@Procomservices.com","image":{"@type":"ImageObject","inLanguage":"fr-ca","@id":"https:\/\/procomservices.com\/fr-ca\/#\/schema\/person\/image\/","url":"https:\/\/secure.gravatar.com\/avatar\/9d8bdb884bad794f1da0b4c86f3b2ea2d1c14732916592784f8af4d706e4bf64?s=96&d=mm&r=g","contentUrl":"https:\/\/secure.gravatar.com\/avatar\/9d8bdb884bad794f1da0b4c86f3b2ea2d1c14732916592784f8af4d706e4bf64?s=96&d=mm&r=g","caption":"Dylan.Fedy@Procomservices.com"}}]}},"_links":{"self":[{"href":"https:\/\/procomservices.com\/fr-ca\/wp-json\/wp\/v2\/posts\/20145","targetHints":{"allow":["GET"]}}],"collection":[{"href":"https:\/\/procomservices.com\/fr-ca\/wp-json\/wp\/v2\/posts"}],"about":[{"href":"https:\/\/procomservices.com\/fr-ca\/wp-json\/wp\/v2\/types\/post"}],"author":[{"embeddable":true,"href":"https:\/\/procomservices.com\/fr-ca\/wp-json\/wp\/v2\/users\/21"}],"replies":[{"embeddable":true,"href":"https:\/\/procomservices.com\/fr-ca\/wp-json\/wp\/v2\/comments?post=20145"}],"version-history":[{"count":6,"href":"https:\/\/procomservices.com\/fr-ca\/wp-json\/wp\/v2\/posts\/20145\/revisions"}],"predecessor-version":[{"id":24881,"href":"https:\/\/procomservices.com\/fr-ca\/wp-json\/wp\/v2\/posts\/20145\/revisions\/24881"}],"wp:featuredmedia":[{"embeddable":true,"href":"https:\/\/procomservices.com\/fr-ca\/wp-json\/wp\/v2\/media\/18717"}],"wp:attachment":[{"href":"https:\/\/procomservices.com\/fr-ca\/wp-json\/wp\/v2\/media?parent=20145"}],"wp:term":[{"taxonomy":"category","embeddable":true,"href":"https:\/\/procomservices.com\/fr-ca\/wp-json\/wp\/v2\/categories?post=20145"},{"taxonomy":"post_tag","embeddable":true,"href":"https:\/\/procomservices.com\/fr-ca\/wp-json\/wp\/v2\/tags?post=20145"}],"curies":[{"name":"wp","href":"https:\/\/api.w.org\/{rel}","templated":true}]}}