{"id":25675,"date":"2025-02-20T02:48:36","date_gmt":"2025-02-20T02:48:36","guid":{"rendered":"https:\/\/procomservices.com\/insights\/how-to-hire-aws-talent-for-cloud-transformation\/"},"modified":"2026-03-30T20:21:28","modified_gmt":"2026-03-30T20:21:28","slug":"embaucher-des-talents-aws-pour-la-transformation-de-linformatique-en-nuage","status":"publish","type":"post","link":"https:\/\/procomservices.com\/fr-ca\/insights\/embaucher-des-talents-aws-pour-la-transformation-de-linformatique-en-nuage\/","title":{"rendered":"Embaucher des talents AWS pour la transformation de l\u2019informatique en nuage"},"content":{"rendered":"\n<h2 class=\"wp-block-heading\"><strong>Apprenez \u00e0 trouver, attirer et maintenir en poste les meilleurs talents AWS<\/strong><\/h2>\n\n\n\n<p class=\"wp-block-paragraph\">Cet article s\u2019adresse aux gestionnaires d\u2019embauche et aux dirigeant\u00b7es organisationnel\u00b7les en qu\u00eate de conseils strat\u00e9giques sur l\u2019embauche de talents AWS pour la transformation de l\u2019informatique en nuage.<\/p>\n\n\n\n<p class=\"wp-block-paragraph\">Dans ce guide, nous vous montrerons comment rep\u00e9rer, attirer et maintenir en poste des professionnel\u00b7les AWS exceptionnel\u00b7les pour votre organisation. Ces comp\u00e9tences et processus sont importants pour les organisations en pleine transformation num\u00e9rique et infonuagique. Ils permettront \u00e0 votre \u00e9quipe de r\u00e9ussir en lui procurant un avantage strat\u00e9gique li\u00e9 au fait de disposer des meilleurs talents du secteur.&nbsp;<\/p>\n\n\n\n<figure class=\"wp-block-image gb-xs\"><img loading=\"lazy\" decoding=\"async\" width=\"1554\" height=\"1080\" src=\"\/wp-content\/uploads\/2025\/02\/AWS-Hiring-Image-scaled-1.jpg\" alt=\"\" class=\"wp-image-4306\" srcset=\"https:\/\/procomservices.com\/wp-content\/uploads\/2025\/02\/AWS-Hiring-Image-scaled-1.jpg 1554w, https:\/\/procomservices.com\/wp-content\/uploads\/2025\/02\/AWS-Hiring-Image-scaled-1-300x208.jpg 300w, https:\/\/procomservices.com\/wp-content\/uploads\/2025\/02\/AWS-Hiring-Image-scaled-1-1024x712.jpg 1024w, https:\/\/procomservices.com\/wp-content\/uploads\/2025\/02\/AWS-Hiring-Image-scaled-1-768x534.jpg 768w, https:\/\/procomservices.com\/wp-content\/uploads\/2025\/02\/AWS-Hiring-Image-scaled-1-400x278.jpg 400w, https:\/\/procomservices.com\/wp-content\/uploads\/2025\/02\/AWS-Hiring-Image-scaled-1-200x139.jpg 200w\" sizes=\"auto, (max-width: 1554px) 100vw, 1554px\" \/><\/figure>\n\n\n\n<p class=\"wp-block-paragraph\">Nous explorerons en profondeur l\u2019\u00e9cosyst\u00e8me de talents AWS et vous fournirons des perspectives utiles sur les th\u00e8mes suivants :<\/p>\n\n\n\n<ol class=\"wp-block-list\">\n<li>Comprendre les principales fonctions des professionnel\u00b7les AWS<\/li>\n\n\n\n<li>\u00c9laborer des strat\u00e9gies efficaces pour le processus d\u2019embauche<\/li>\n\n\n\n<li>Recenser les comp\u00e9tences techniques essentielles et les certifications AWS<\/li>\n\n\n\n<li>Cr\u00e9er une approche convaincante et durable pour le maintien en poste des talents<\/li>\n<\/ol>\n\n\n\n<h2 class=\"wp-block-heading\">T\u00c9L\u00c9CHARGER LA RESSOURCE AWS COMPL\u00c9MENTAIRE DE PROCOM<\/h2>\n\n\n\n<p class=\"wp-block-paragraph\"><em><a href=\"\/wp-content\/uploads\/2025\/10\/A_strategic_Guide__to_AWS_Success__frCA.pdf\" type=\"link\" id=\"\/wp-content\/uploads\/2025\/10\/A_strategic_Guide__to_AWS_Success__frCA.pdf\" target=\"_blank\" rel=\"noreferrer noopener\">T\u00e9l\u00e9chargez<\/a> le livre blanc exclusif sur l\u2019acquisition et le maintien en poste des talents AWS, qui fournit une analyse approfondie suppl\u00e9mentaire et des perspectives sectorielles pr\u00e9cises pour appuyer vos efforts de recrutement de talents infonuagiques.<\/em><\/p>\n\n\n\n<figure class=\"wp-block-image size-full gb-xs\"><img loading=\"lazy\" decoding=\"async\" width=\"1250\" height=\"654\" src=\"\/wp-content\/uploads\/2025\/01\/Whitepaper-AWS-listingFR.jpg\" alt=\"Whitepaper-AWS-listingFR\" class=\"wp-image-17258\" srcset=\"https:\/\/procomservices.com\/wp-content\/uploads\/2025\/01\/Whitepaper-AWS-listingFR.jpg 1250w, https:\/\/procomservices.com\/wp-content\/uploads\/2025\/01\/Whitepaper-AWS-listingFR-300x157.jpg 300w, https:\/\/procomservices.com\/wp-content\/uploads\/2025\/01\/Whitepaper-AWS-listingFR-1024x536.jpg 1024w, https:\/\/procomservices.com\/wp-content\/uploads\/2025\/01\/Whitepaper-AWS-listingFR-768x402.jpg 768w, https:\/\/procomservices.com\/wp-content\/uploads\/2025\/01\/Whitepaper-AWS-listingFR-400x209.jpg 400w, https:\/\/procomservices.com\/wp-content\/uploads\/2025\/01\/Whitepaper-AWS-listingFR-200x105.jpg 200w\" sizes=\"auto, (max-width: 1250px) 100vw, 1250px\" \/><\/figure>\n\n\n\n<p class=\"wp-block-paragraph\"><strong>Vous avez besoin d\u2019embaucher imm\u00e9diatement des expert\u00b7es en AWS pour votre organisation? Prenez rendez-vous avec un\u00b7e sp\u00e9cialiste de Procom pour une consultation!<\/strong> <a href=\"https:\/\/procomservices.com\/fr-ca\/nous-joindre\/\" type=\"page\" id=\"7873\">Nous joindre<\/a><\/p>\n\n\n\n<h3 class=\"wp-block-heading\">INTRODUCTION AUX SERVICES WEB D\u2019AMAZON (AWS<\/h3>\n\n\n\n<p class=\"wp-block-paragraph\">La technologie d\u2019informatique en nuage est en plein essor parmi les entreprises qui privil\u00e9gient l\u2019agilit\u00e9, la r\u00e9duction des co\u00fbts et l\u2019am\u00e9lioration de l\u2019exp\u00e9rience client\u00b7e de bout en bout.<\/p>\n\n\n\n<p class=\"wp-block-paragraph\">Amazon Web Services (AWS) demeure la plateforme d\u2019informatique en nuage par excellence, s\u2019appropriant <a href=\"https:\/\/www.statista.com\/chart\/18819\/worldwide-market-share-of-leading-cloud-infrastructure-service-providers\/\" type=\"link\" id=\"https:\/\/www.statista.com\/chart\/18819\/worldwide-market-share-of-leading-cloud-infrastructure-service-providers\/\">environ 32 %<\/a> du march\u00e9 mondial de l\u2019informatique en nuage. La plateforme AWS est devenue la solution de r\u00e9f\u00e9rence pour les organisations qui cherchent \u00e0 constituer une \u00e9quipe d\u2019informatique en nuage r\u00e9siliente et \u00e0 acc\u00e9der \u00e0 des services de qualit\u00e9 professionnelle sans investir massivement sur site, ce qui leur permet d\u2019exp\u00e9rimenter plus rapidement, d\u2019\u00e9voluer et de se d\u00e9velopper efficacement.<\/p>\n\n\n\n<p class=\"wp-block-paragraph\">Gr\u00e2ce \u00e0 l\u2019expansion continue des services AWS, les entreprises peuvent adopter des technologies \u00e9mergentes telles que l\u2019apprentissage machine, l\u2019Internet des objets (IdO) et l\u2019informatique de pointe sans avoir \u00e0 construire une infrastructure \u00e0 partir de z\u00e9ro.<\/p>\n\n\n\n<h3 class=\"wp-block-heading\">LA VALEUR D\u2019AWS POUR LES ORGANISATIONS<\/h3>\n\n\n\n<p class=\"wp-block-paragraph\">Pour demeurer concurrentielles, les organisations ont besoin d\u2019une plateforme d\u2019informatique en nuage qui offre flexibilit\u00e9 et efficacit\u00e9. C\u2019est pourquoi la plateforme AWS s\u2019est impos\u00e9e comme la plateforme de choix pour la transformation de l\u2019informatique en nuage.<\/p>\n\n\n\n<p class=\"wp-block-paragraph\">En fournissant un \u00e9ventail complet de services d\u2019informatique en nuage, AWS permet \u00e0 de nombreuses entreprises d\u2019optimiser leurs co\u00fbts, de repenser leurs capacit\u00e9s op\u00e9rationnelles, d\u2019\u00e9liminer les obstacles technologiques et d\u2019acc\u00e9l\u00e9rer l\u2019innovation. La plateforme AWS offre :<\/p>\n\n\n\n<p class=\"wp-block-paragraph\"><strong>\u00c9volutivit\u00e9<\/strong> : La solution AWS permet aux organisations d\u2019augmenter ou de r\u00e9duire leurs ressources en fonction d\u2019exigences particuli\u00e8res. Elle offre aussi une approche flexible et rentable de la gestion de l\u2019infrastructure informatique.<\/p>\n\n\n\n<p class=\"wp-block-paragraph\"><strong>R\u00e9duction des co\u00fbts<\/strong> : AWS propose aux entreprises un mod\u00e8le de tarification fond\u00e9 sur la consommation, ce qui leur permet de payer uniquement pour les ressources informatiques qu\u2019elles utilisent.<\/p>\n\n\n\n<p class=\"wp-block-paragraph\"><strong>S\u00e9curit\u00e9 et conformit\u00e9<\/strong> : AWS offre des fonctionnalit\u00e9s de s\u00e9curit\u00e9 robustes, notamment la gestion des cl\u00e9s, le chiffrement et des outils de conformit\u00e9, avec un volume plus \u00e9lev\u00e9 de fonctionnalit\u00e9s que les mod\u00e8les de protection conventionnels. En int\u00e9grant une gestion avanc\u00e9e des identit\u00e9s, un chiffrement sophistiqu\u00e9 et une surveillance continue des menaces, AWS favorise la conformit\u00e9 globale tout en respectant les normes de s\u00e9curit\u00e9 internes.<\/p>\n\n\n\n<p class=\"wp-block-paragraph\">Ces capacit\u00e9s font de la plateforme AWS une plateforme fiable dans de nombreux secteurs, depuis les soins de sant\u00e9 et les services financiers jusqu\u2019aux entreprises technologiques en d\u00e9marrage et aux organismes gouvernementaux. Les organisations reconnaissent AWS comme \u00e9tant une solution qui r\u00e9pond \u00e0 leurs besoins imm\u00e9diats en mati\u00e8re d\u2019infrastructure, tout en leur offrant une tranquillit\u00e9 d\u2019esprit et des avantages technologiques strat\u00e9giques.&nbsp;&nbsp;<\/p>\n\n\n\n<h3 class=\"wp-block-heading\">PRINCIPAUX R\u00d4LES ET RESPONSABILIT\u00c9S PROFESSIONNELS AWS<\/h3>\n\n\n\n<p class=\"wp-block-paragraph\">Il est essentiel de disposer de talents informatiques solides pour mener \u00e0 bien la strat\u00e9gie et la mise en \u0153uvre de la transformation de l\u2019informatique en nuage. Comprendre les postes AWS aidera votre organisation \u00e0 constituer une \u00e9quipe p\u00e9renne capable de provisionner, d\u2019orchestrer et d\u2019optimiser l\u2019infrastructure de l\u2019informatique en nuage. D\u00e9couvrez ci-dessous certains des principaux r\u00f4les et responsabilit\u00e9s professionnels li\u00e9s \u00e0 la migration vers AWS :<\/p>\n\n\n\n<h4 class=\"wp-block-heading\">Architectes de l\u2019informatique en nuage AWS<\/h4>\n\n\n\n<figure class=\"wp-block-image gb-xs\"><img loading=\"lazy\" decoding=\"async\" width=\"1620\" height=\"1080\" src=\"\/wp-content\/uploads\/2025\/02\/Article-1-Image-1-Cloud-Architect-scaled-1.jpg\" alt=\"\" class=\"wp-image-4310\" srcset=\"https:\/\/procomservices.com\/wp-content\/uploads\/2025\/02\/Article-1-Image-1-Cloud-Architect-scaled-1.jpg 1620w, https:\/\/procomservices.com\/wp-content\/uploads\/2025\/02\/Article-1-Image-1-Cloud-Architect-scaled-1-300x200.jpg 300w, https:\/\/procomservices.com\/wp-content\/uploads\/2025\/02\/Article-1-Image-1-Cloud-Architect-scaled-1-1024x683.jpg 1024w, https:\/\/procomservices.com\/wp-content\/uploads\/2025\/02\/Article-1-Image-1-Cloud-Architect-scaled-1-768x512.jpg 768w, https:\/\/procomservices.com\/wp-content\/uploads\/2025\/02\/Article-1-Image-1-Cloud-Architect-scaled-1-400x267.jpg 400w, https:\/\/procomservices.com\/wp-content\/uploads\/2025\/02\/Article-1-Image-1-Cloud-Architect-scaled-1-200x133.jpg 200w\" sizes=\"auto, (max-width: 1620px) 100vw, 1620px\" \/><\/figure>\n\n\n\n<p class=\"wp-block-paragraph\">Les architectes de l\u2019informatique en nuage imaginent, con\u00e7oivent et dirigent des strat\u00e9gies d\u2019architecture de l\u2019informatique en nuage de bout en bout. Ces expert\u00b7es sont souvent titulaires de certifications avanc\u00e9es telles que celle d\u2019architecte de solutions AWS certifi\u00e9\u00b7e et harmonisent les d\u00e9cisions techniques avec la port\u00e9e plus large du projet.<\/p>\n\n\n\n<p class=\"wp-block-paragraph\">Il\u00b7elles font \u00e9galement le lien entre les objectifs d\u2019affaires et la mise en \u0153uvre technologique.<\/p>\n\n\n\n<h4 class=\"wp-block-heading\"><strong>Ing\u00e9nieur\u00b7es en informatique en nuage AWS<\/strong><\/h4>\n\n\n\n<figure class=\"wp-block-image gb-xs\"><img loading=\"lazy\" decoding=\"async\" width=\"1620\" height=\"1080\" src=\"\/wp-content\/uploads\/2025\/02\/Article-1-Image-2-Cloud-Engineer-scaled-1.jpg\" alt=\"\" class=\"wp-image-4312\" srcset=\"https:\/\/procomservices.com\/wp-content\/uploads\/2025\/02\/Article-1-Image-2-Cloud-Engineer-scaled-1.jpg 1620w, https:\/\/procomservices.com\/wp-content\/uploads\/2025\/02\/Article-1-Image-2-Cloud-Engineer-scaled-1-300x200.jpg 300w, https:\/\/procomservices.com\/wp-content\/uploads\/2025\/02\/Article-1-Image-2-Cloud-Engineer-scaled-1-1024x683.jpg 1024w, https:\/\/procomservices.com\/wp-content\/uploads\/2025\/02\/Article-1-Image-2-Cloud-Engineer-scaled-1-768x512.jpg 768w, https:\/\/procomservices.com\/wp-content\/uploads\/2025\/02\/Article-1-Image-2-Cloud-Engineer-scaled-1-400x267.jpg 400w, https:\/\/procomservices.com\/wp-content\/uploads\/2025\/02\/Article-1-Image-2-Cloud-Engineer-scaled-1-200x133.jpg 200w\" sizes=\"auto, (max-width: 1620px) 100vw, 1620px\" \/><\/figure>\n\n\n\n<p class=\"wp-block-paragraph\">Les ing\u00e9nieur\u00b7es en informatique en nuage r\u00e9alisent des mises en \u0153uvre tactiques. Il\u00b7elles transforment les conceptions architecturales en environnements fonctionnels d\u2019informatique en nuage tout en se concentrant sur l\u2019ex\u00e9cution pratique des strat\u00e9gies d\u2019informatique en nuage et en g\u00e9rant la mise en \u0153uvre et la maintenance quotidiennes de l\u2019infrastructure d\u2019infrastructure d\u2019informatique en nuage. Il\u00b7elles traduisent l\u2019architecture en d\u00e9ploiement.<\/p>\n\n\n\n<p class=\"wp-block-paragraph\">Ces ing\u00e9nieur\u00b7es utilisent des outils tels que AWS CloudFormation et Terraform et doivent d\u00e9montrer une exp\u00e9rience pratique en cr\u00e9ation de scripts et en automatisation.&nbsp;<\/p>\n\n\n\n<h4 class=\"wp-block-heading\">Sp\u00e9cialistes en DevOps AWS<\/h4>\n\n\n\n<figure class=\"wp-block-image gb-xs\"><img loading=\"lazy\" decoding=\"async\" width=\"1620\" height=\"1080\" src=\"\/wp-content\/uploads\/2025\/02\/Article-1-Image-3-DevOps-Spevcialists-scaled-1.jpg\" alt=\"\" class=\"wp-image-4314\" srcset=\"https:\/\/procomservices.com\/wp-content\/uploads\/2025\/02\/Article-1-Image-3-DevOps-Spevcialists-scaled-1.jpg 1620w, https:\/\/procomservices.com\/wp-content\/uploads\/2025\/02\/Article-1-Image-3-DevOps-Spevcialists-scaled-1-300x200.jpg 300w, https:\/\/procomservices.com\/wp-content\/uploads\/2025\/02\/Article-1-Image-3-DevOps-Spevcialists-scaled-1-1024x683.jpg 1024w, https:\/\/procomservices.com\/wp-content\/uploads\/2025\/02\/Article-1-Image-3-DevOps-Spevcialists-scaled-1-768x512.jpg 768w, https:\/\/procomservices.com\/wp-content\/uploads\/2025\/02\/Article-1-Image-3-DevOps-Spevcialists-scaled-1-400x267.jpg 400w, https:\/\/procomservices.com\/wp-content\/uploads\/2025\/02\/Article-1-Image-3-DevOps-Spevcialists-scaled-1-200x133.jpg 200w\" sizes=\"auto, (max-width: 1620px) 100vw, 1620px\" \/><\/figure>\n\n\n\n<p class=\"wp-block-paragraph\">Les sp\u00e9cialistes en DevOps sont \u00e0 la crois\u00e9e du d\u00e9veloppement et des op\u00e9rations. Il\u00b7elles se concentrent sur la cr\u00e9ation de processus automatis\u00e9s et transparents qui am\u00e9liorent l\u2019agilit\u00e9 organisationnelle et les pratiques d\u2019infrastructure-code. Les sp\u00e9cialistes en DevOps AWS g\u00e8rent les pipelines d\u2019int\u00e9gration et de d\u00e9ploiement continu (CI\/CD), assurant ainsi une livraison logicielle rapide et fiable.<\/p>\n\n\n\n<p class=\"wp-block-paragraph\">Ces professionnel\u00b7les excellent dans l\u2019utilisation d\u2019outils tels que Kubernetes, Docker, Jenkins et les services propres \u00e0 AWS tels que CodePipeline et CodeBuild.<\/p>\n\n\n\n<h4 class=\"wp-block-heading\">Ing\u00e9nieur\u00b7es en s\u00e9curit\u00e9 de l\u2019informatique en nuage AWS<\/h4>\n\n\n\n<figure class=\"wp-block-image gb-xs\"><img loading=\"lazy\" decoding=\"async\" width=\"1920\" height=\"1080\" src=\"\/wp-content\/uploads\/2025\/02\/Article-1-Image-4-Cyber-Threats-scaled-1.jpg\" alt=\"\" class=\"wp-image-4316\" srcset=\"https:\/\/procomservices.com\/wp-content\/uploads\/2025\/02\/Article-1-Image-4-Cyber-Threats-scaled-1.jpg 1920w, https:\/\/procomservices.com\/wp-content\/uploads\/2025\/02\/Article-1-Image-4-Cyber-Threats-scaled-1-300x169.jpg 300w, https:\/\/procomservices.com\/wp-content\/uploads\/2025\/02\/Article-1-Image-4-Cyber-Threats-scaled-1-1024x576.jpg 1024w, https:\/\/procomservices.com\/wp-content\/uploads\/2025\/02\/Article-1-Image-4-Cyber-Threats-scaled-1-768x432.jpg 768w, https:\/\/procomservices.com\/wp-content\/uploads\/2025\/02\/Article-1-Image-4-Cyber-Threats-scaled-1-400x225.jpg 400w, https:\/\/procomservices.com\/wp-content\/uploads\/2025\/02\/Article-1-Image-4-Cyber-Threats-scaled-1-200x113.jpg 200w\" sizes=\"auto, (max-width: 1920px) 100vw, 1920px\" \/><\/figure>\n\n\n\n<p class=\"wp-block-paragraph\">En raison de l\u2019augmentation r\u00e9cente des cybermenaces, les ing\u00e9nieur\u00b7es en s\u00e9curit\u00e9 de l\u2019informatique en nuage sont devenu\u00b7es indispensables. Il\u00b7elles se sp\u00e9cialisent dans la protection des environnements d\u2019informatique en nuage gr\u00e2ce \u00e0 la mise en \u0153uvre de protocoles de s\u00e9curit\u00e9 robustes et au respect de normes r\u00e9glementaires strictes, et g\u00e8rent les exigences techniques.<\/p>\n\n\n\n<h3 class=\"wp-block-heading\">\u00c9TUDE DE CAS : NETFLIX<\/h3>\n\n\n\n<p class=\"wp-block-paragraph\">Netflix a migr\u00e9 l\u2019int\u00e9gralit\u00e9 de sa plateforme de diffusion en continu vers AWS, cr\u00e9ant ainsi un syst\u00e8me qui s\u2019adapte de mani\u00e8re transparente \u00e0 la demande mondiale. Son infrastructure optimis\u00e9e par AWS prend en charge des millions d\u2019utilisateur\u00b7rices et permet une innovation continue, ce qui illustre la r\u00e9ussite du projet \u00e0 grande \u00e9chelle.<\/p>\n\n\n\n<p class=\"wp-block-paragraph\">AWS a aid\u00e9 Netflix \u00e0 :<\/p>\n\n\n\n<ul class=\"wp-block-list\">\n<li>servir plus de 240 millions d\u2019abonn\u00e9\u00b7es dans le monde;<\/li>\n\n\n\n<li>traiter plus d\u2019un milliard de demandes de diffusion en continu par jour;<\/li>\n\n\n\n<li>dimensionner automatiquement l\u2019utilisation des serveurs lors des pics de visionnement;<\/li>\n\n\n\n<li>traiter plus de 450 milliards d\u2019\u00e9v\u00e9nements par jour par le biais d\u2019un pipeline de donn\u00e9es.<\/li>\n<\/ul>\n\n\n\n<p class=\"wp-block-paragraph\"><strong>Contactez les recruteur\u00b7ses expert\u00b7es de Procom pour trouver des professionnel\u00b7les AWS certifi\u00e9\u00b7es qui correspondent \u00e0 vos objectifs de transformation de l\u2019informatique en nuage. <a href=\"https:\/\/procomservices.com\/fr-ca\/services-conseils-informatiques\/\" type=\"link\" id=\"\/fr-ca\/services-conseils-informatiques\/\">Embaucher des talents informatiques d\u00e8s aujourd\u2019hui.<\/a><\/strong><\/p>\n\n\n\n<h2 class=\"wp-block-heading\"><strong>L\u2019IMPORTANCE DE COMPRENDRE LES R\u00d4LES ET RESPONSABILIT\u00c9S DISTINCTS LI\u00c9S \u00c0 AWS<\/strong><\/h2>\n\n\n\n<p class=\"wp-block-paragraph\">La constitution d\u2019une \u00e9quipe de talents AWS efficace n\u00e9cessite de comprendre ces r\u00f4les distincts, mais interreli\u00e9s. Chaque professionnel\u00b7le poss\u00e8de des comp\u00e9tences uniques qui contribuent \u00e0 une strat\u00e9gie globale de transformation de l\u2019informatique en nuage.<\/p>\n\n\n\n<p class=\"wp-block-paragraph\">Les organisations doivent consid\u00e9rer ces r\u00f4les non pas comme des postes isol\u00e9s, mais comme un \u00e9cosyst\u00e8me collaboratif \u0153uvrant pour l\u2019innovation technologique et l\u2019excellence commerciale.<\/p>\n\n\n\n<h2 class=\"wp-block-heading\">RECRUTEMENT ET MAINTIEN EN POSTE DES TALENTS AWS<\/h2>\n\n\n\n<h3 class=\"wp-block-heading\">LES D\u00c9FIS<\/h3>\n\n\n\n<p class=\"wp-block-paragraph\">La concurrence est f\u00e9roce pour embaucher des professionnel\u00b7les AWS. Face \u00e0 une p\u00e9nurie mondiale et \u00e0 une demande croissante, seule une approche strat\u00e9gique peut aider \u00e0 pourvoir les postes essentiels.<\/p>\n\n\n\n<p class=\"wp-block-paragraph\">Selon le rapport 2023 de LinkedIn, les entreprises qui investissent dans leurs professionnel\u00b7les de l\u2019informatique en nuage et leurs ressources voient leur <a href=\"https:\/\/www.linkedin.com\/pulse\/how-flexible-working-shaping-employee-retention-smes-ten2two-quhee\/\" type=\"link\" id=\"https:\/\/www.linkedin.com\/pulse\/how-flexible-working-shaping-employee-retention-smes-ten2two-quhee\/\" target=\"_blank\" rel=\"noreferrer noopener\">taux de maintien en poste augmenter de 25 %<\/a>.&nbsp;<\/p>\n\n\n\n<h3 class=\"wp-block-heading\">\u00c9VALUATION DE L\u2019EXPERTISE CONCR\u00c8TE<\/h3>\n\n\n\n<p class=\"wp-block-paragraph\">Les entrevues conventionnelles peuvent souvent s\u2019av\u00e9rer insuffisantes pour \u00e9valuer les talents AWS. Les organisations doivent mettre en place des \u00e9valuations fond\u00e9es sur des sc\u00e9narios qui testent les comp\u00e9tences pratiques des candidat\u00b7es en mati\u00e8re de r\u00e9solution de probl\u00e8mes afin de s\u2019assurer qu\u2019il\u00b7elles sont capables d\u2019effectuer des t\u00e2ches d\u2019informatique en nuage essentielles.<\/p>\n\n\n\n<p class=\"wp-block-paragraph\">Ces d\u00e9fis techniques doivent simuler des sc\u00e9narios r\u00e9els d\u2019infrastructure d\u2019informatique en nuage afin de mettre en avant :<\/p>\n\n\n\n<ul class=\"wp-block-list\">\n<li>les capacit\u00e9s de d\u00e9pannage dans des environnements d\u2019informatique en nuage complexes;<\/li>\n\n\n\n<li>la r\u00e9flexion strat\u00e9gique en mati\u00e8re d\u2019allocation des ressources;<\/li>\n\n\n\n<li>la connaissance approfondie des services AWS et des exigences techniques;<\/li>\n\n\n\n<li>la ma\u00eetrise de la conception d\u2019informatique en nuage et la capacit\u00e9 de concevoir des architectures \u00e9volutives.<\/li>\n<\/ul>\n\n\n\n<h2 class=\"wp-block-heading\">L\u2019apprentissage continu comme strat\u00e9gie de maintien en poste<\/h2>\n\n\n\n<p class=\"wp-block-paragraph\">Les meilleur\u00b7es expert\u00b7es en AWS cherchent plus qu\u2019un simple emploi; il\u00b7elles recherchent des opportunit\u00e9s de croissance qui leur permettent de cultiver et de d\u00e9velopper leurs comp\u00e9tences.<\/p>\n\n\n\n<p class=\"wp-block-paragraph\">Les organisations progressistes peuvent accro\u00eetre la satisfaction et le maintien en poste de leurs meilleurs talents AWS en mettant en \u0153uvre les \u00e9l\u00e9ments suivants:&nbsp;&nbsp;<\/p>\n\n\n\n<ul class=\"wp-block-list\">\n<li>du temps consacr\u00e9 \u00e0 l\u2019apprentissage pour d\u00e9velopper leurs comp\u00e9tences;<\/li>\n\n\n\n<li>des plateformes internes d\u2019\u00e9change de connaissances;<\/li>\n\n\n\n<li>la prise en charge des frais de participation \u00e0 des conf\u00e9rences et des ateliers;<\/li>\n\n\n\n<li>des programmes de mentorat avec des architectes de l\u2019informatique en nuage chevronn\u00e9\u00b7es;<\/li>\n\n\n\n<li>des cours de certification AWS enti\u00e8rement financ\u00e9s.<\/li>\n<\/ul>\n\n\n\n<h3 class=\"wp-block-heading\"><strong>LE TRAVAIL FLEXIBLE COMME AVANTAGE CONCURRENTIEL<\/strong><\/h3>\n\n\n\n<p class=\"wp-block-paragraph\">Les mod\u00e8les de travail \u00e0 distance et en mode hybride ne sont pas seulement une question de pr\u00e9f\u00e9rence : ils permettent d\u2019acc\u00e9der \u00e0 un bassin mondial de talents et d\u2019attirer des professionnel\u00b7les qui privil\u00e9gient l\u2019\u00e9quilibre travail-vie personnelle. En proposant des conditions de travail flexibles, les organisations peuvent :<\/p>\n\n\n\n<ul class=\"wp-block-list\">\n<li>tirer parti des comp\u00e9tences d\u2019un bassin mondial de talents;<\/li>\n\n\n\n<li>r\u00e9duire les contraintes g\u00e9ographiques li\u00e9es \u00e0 l\u2019embauche;<\/li>\n\n\n\n<li>faire preuve de confiance dans l\u2019autonomie professionnelle;<\/li>\n\n\n\n<li>attirer les talents en qu\u00eate d\u2019un \u00e9quilibre travail-vie personnelle.<\/li>\n<\/ul>\n\n\n\n<h3 class=\"wp-block-heading\"><strong>STRUCTURATION D\u2019UNE R\u00c9MUN\u00c9RATION ET D\u2019AVANTAGES SOCIAUX CONCURRENTIELS<\/strong><\/h3>\n\n\n\n<p class=\"wp-block-paragraph\">Si les salaires concurrentiels demeurent essentiels, les professionnel\u00b7les AWS \u00e9valuent les opportunit\u00e9s dans leur globalit\u00e9 :<\/p>\n\n\n\n<ul class=\"wp-block-list\">\n<li>exposition \u00e0 la technologie de pointe;<\/li>\n\n\n\n<li>budgets consacr\u00e9s au perfectionnement professionnel;<\/li>\n\n\n\n<li>projets stimulants et novateurs;<\/li>\n\n\n\n<li>pile de technologies de pointe;<\/li>\n\n\n\n<li>incitatifs fond\u00e9s sur le rendement;<\/li>\n\n\n\n<li>cr\u00e9dits de formation aux technologies d\u2019informatique en nuage.<\/li>\n<\/ul>\n\n\n\n<h3 class=\"wp-block-heading\"><strong>CONCLUSION<\/strong><\/h3>\n\n\n\n<p class=\"wp-block-paragraph\">Pour recruter le\u00b7la bon\u00b7ne candidat\u00b7e, les organisations doivent bien comprendre l\u2019importance du r\u00f4le de chaque talent AWS dans un projet. La compr\u00e9hension des r\u00f4les, des comp\u00e9tences et des certifications n\u00e9cessaires permet aux gestionnaires d\u2019embauche de constituer une \u00e9quipe d\u2019informatique en nuage hautement performante qui favorise la r\u00e9ussite d\u2019AWS, acc\u00e9l\u00e8re la transformation num\u00e9rique et maintient un avantage concurrentiel.<\/p>\n\n\n\n<p class=\"wp-block-paragraph\">En faisant \u00e9quipe avec une prestataire de services de recrutement strat\u00e9gique comme Procom, les entreprises clientes peuvent s\u2019assurer de l\u2019harmonisation des attentes professionnelles, des comp\u00e9tences des candidat\u00b7es et des r\u00e9sultats de l\u2019entreprise.<\/p>\n\n\n\n<h2 class=\"wp-block-heading\">TRAVAILLER AVEC LES EXPERT\u00b7ES EN RECRUTEMENT DE PROCOM<\/h2>\n\n\n\n<p class=\"wp-block-paragraph\">Procom combine la perspective humaine et l\u2019intelligence des donn\u00e9es pour s\u00e9lectionner les professionnel\u00b7les qui conviennent le mieux. Nos recruteur\u00b7ses sp\u00e9cialis\u00e9\u00b7es comprennent les nuances de la transformation de l\u2019informatique en nuage et ont acc\u00e8s \u00e0 un vaste r\u00e9seau de consultant\u00b7es comp\u00e9tent\u00b7es poss\u00e9dant une exp\u00e9rience concr\u00e8te.<\/p>\n\n\n\n<p class=\"wp-block-paragraph\">Nous vous aidons \u00e0 engager des talents plus rapidement et plus efficacement gr\u00e2ce \u00e0 des contrats valid\u00e9s, des postes sp\u00e9cialis\u00e9s et un soutien aux processus \u00e0 forte incidence.<\/p>\n\n\n\n<div class=\"separators-custom-box  \"  >\n\n\t\n\t\n\t\t\t\t\t<div class=\"cta_title\" \n\t\t\t\t\t\t>Vous avez besoin d\u2019embaucher des d\u00e9veloppeur\u00b7ses, des ing\u00e9nieur\u00b7es ou des architectes certifi\u00e9\u00b7es AWS?<\/div>\n\t\t\n\t\t\t\t\t<a href=\"\/fr-ca\/nous-joindre\/\"\n\t\t\t\t \t\t\t\tstyle=\"background-color:;\"\n\t\t\t\tclass=\"\"\n\t\t\t>\n\t\t\t<span class=\"\" \n\t\t\t\t\t\t>\n\t\t\t\tContactez-nous\t\t\t<\/span>\n\t\t\t<\/a>\n\t\t\n\t<\/div>\n\n\n\n        <style>\n            [data-hsfc-id=Renderer] .hsfc-Step .hsfc-Step__Content {\n                padding-top: 0;\n            }\n            [data-hsfc-id=Renderer] .hsfc-PostSubmit .hsfc-RichText {\n                display: block;\n            }\n\t\t\t.content-single .hs-form-html .hsfc-RichText span {\n            \tcolor: #fff;\n            }\n            #form-heading {\n                background-image: linear-gradient(to left, rgb(0, 92, 185), rgb(0, 23, 46));\n                margin-bottom: 0;\n                font-weight: 700;\n\t\t\t\tfont-size: 42px !important;\n                line-height: 50.4px;\n                color: #fff;\n                text-align: center;\n\n                padding-top: 40px;\n\t\t\t\tpadding-left: 40px;\n\t\t\t\tpadding-right: 40px;\n            }\n\t\t\t#form-heading +div{\n\t\t\t\tmargin-top: 0px;\n\t\t\t}\n\t\t\t:root :where(.is-layout-flow.no-marg-t) > * {\n\t\t\t\tmargin-top: 0 !important;\n\t\t\t}\n\t\t\t.wp-block-group.hs-form-group {\n\t\t\t\tdisplay: block;\n\t\t\t}\n\t\t\t.wp-block-group.hs-form-group.is-visible {\n\t\t\t\tdisplay: block;\n\t\t\t}\n        <\/style>\n\n        <div class=\"\" id=\"form-heading\">\n            Pr\u00eat \u00e0 vous connecter ?        <\/div>\n\n        <script \n            src=\"https:\/\/js.hsforms.net\/forms\/embed\/developer\/3013010.js\"\n            defer>\n        <\/script>\n\n        <div class=\"hs-form-html 3b73dba1-c657-4b7a-9e28-e7a79eefc625\"\n             data-region=\"na1\"\n             data-form-id=\"3b73dba1-c657-4b7a-9e28-e7a79eefc625\"\n             data-portal-id=\"3013010\">\n        <\/div>\n\n\t\t\n        \n","protected":false},"excerpt":{"rendered":"<p>Cet article s\u2019adresse aux gestionnaires d\u2019embauche et aux dirigeant\u00b7es organisationnel\u00b7les en qu\u00eate de conseils strat\u00e9giques sur l\u2019embauche de talents AWS pour la transformation de l\u2019informatique en nuage.<\/p>\n","protected":false},"author":21,"featured_media":1163,"comment_status":"closed","ping_status":"closed","sticky":false,"template":"","format":"standard","meta":{"_acf_changed":false,"_crdt_document":"","inline_featured_image":false,"footnotes":""},"categories":[1040],"tags":[1044,1074],"class_list":["post-25675","post","type-post","status-publish","format-standard","has-post-thumbnail","hentry","category-specialisation"],"acf":[],"yoast_head":"<!-- This site is optimized with the Yoast SEO plugin v27.1.1 - https:\/\/yoast.com\/product\/yoast-seo-wordpress\/ -->\n<title>Embaucher des talents AWS pour la transformation de l\u2019informatique en nuage - Procom<\/title>\n<meta name=\"description\" content=\"Discover how to hire AWS talent for cloud transformation. Learn to recruit, assess, and retain certified AWS professionals. Hire IT talent with Procom today.\" \/>\n<meta name=\"robots\" content=\"index, follow, max-snippet:-1, max-image-preview:large, max-video-preview:-1\" \/>\n<link rel=\"canonical\" href=\"https:\/\/procomservices.com\/fr-ca\/insights\/embaucher-des-talents-aws-pour-la-transformation-de-linformatique-en-nuage\/\" \/>\n<meta property=\"og:locale\" content=\"fr_CA\" \/>\n<meta property=\"og:type\" content=\"article\" \/>\n<meta property=\"og:title\" content=\"Embaucher des talents AWS pour la transformation de l\u2019informatique en nuage - Procom\" \/>\n<meta property=\"og:description\" content=\"Discover how to hire AWS talent for cloud transformation. Learn to recruit, assess, and retain certified AWS professionals. Hire IT talent with Procom today.\" \/>\n<meta property=\"og:url\" content=\"https:\/\/procomservices.com\/fr-ca\/insights\/embaucher-des-talents-aws-pour-la-transformation-de-linformatique-en-nuage\/\" \/>\n<meta property=\"og:site_name\" content=\"Procom\" \/>\n<meta property=\"article:publisher\" content=\"https:\/\/www.facebook.com\/ProcomConsultantsGroup\/\" \/>\n<meta property=\"article:published_time\" content=\"2025-02-20T02:48:36+00:00\" \/>\n<meta property=\"article:modified_time\" content=\"2026-03-30T20:21:28+00:00\" \/>\n<meta property=\"og:image\" content=\"https:\/\/procomservices.com\/wp-content\/uploads\/2025\/06\/AWS-Cover-scaled-1.jpeg\" \/>\n\t<meta property=\"og:image:width\" content=\"1620\" \/>\n\t<meta property=\"og:image:height\" content=\"1080\" \/>\n\t<meta property=\"og:image:type\" content=\"image\/jpeg\" \/>\n<meta name=\"author\" content=\"Dylan.Fedy@Procomservices.com\" \/>\n<meta name=\"twitter:card\" content=\"summary_large_image\" \/>\n<meta name=\"twitter:creator\" content=\"@Procom\" \/>\n<meta name=\"twitter:site\" content=\"@Procom\" \/>\n<meta name=\"twitter:label1\" content=\"Written by\" \/>\n\t<meta name=\"twitter:data1\" content=\"Dylan.Fedy@Procomservices.com\" \/>\n\t<meta name=\"twitter:label2\" content=\"Est. reading time\" \/>\n\t<meta name=\"twitter:data2\" content=\"9 minutes\" \/>\n<script type=\"application\/ld+json\" class=\"yoast-schema-graph\">{\"@context\":\"https:\/\/schema.org\",\"@graph\":[{\"@type\":\"Article\",\"@id\":\"https:\/\/procomservices.com\/fr-ca\/insights\/embaucher-des-talents-aws-pour-la-transformation-de-linformatique-en-nuage\/#article\",\"isPartOf\":{\"@id\":\"https:\/\/procomservices.com\/fr-ca\/insights\/embaucher-des-talents-aws-pour-la-transformation-de-linformatique-en-nuage\/\"},\"author\":{\"name\":\"Dylan.Fedy@Procomservices.com\",\"@id\":\"https:\/\/procomservices.com\/fr-ca\/#\/schema\/person\/2bce332c68bf16842df6b2b00efd189c\"},\"headline\":\"Embaucher des talents AWS pour la transformation de l\u2019informatique en nuage\",\"datePublished\":\"2025-02-20T02:48:36+00:00\",\"dateModified\":\"2026-03-30T20:21:28+00:00\",\"mainEntityOfPage\":{\"@id\":\"https:\/\/procomservices.com\/fr-ca\/insights\/embaucher-des-talents-aws-pour-la-transformation-de-linformatique-en-nuage\/\"},\"wordCount\":2149,\"publisher\":{\"@id\":\"https:\/\/procomservices.com\/fr-ca\/#organization\"},\"image\":{\"@id\":\"https:\/\/procomservices.com\/fr-ca\/insights\/embaucher-des-talents-aws-pour-la-transformation-de-linformatique-en-nuage\/#primaryimage\"},\"thumbnailUrl\":\"https:\/\/procomservices.com\/wp-content\/uploads\/2025\/06\/AWS-Cover-scaled-1.jpeg\",\"keywords\":[\"AWS\",\"Sp\u00e9cialisation\"],\"articleSection\":[\"Sp\u00e9cialisation\"],\"inLanguage\":\"fr-ca\"},{\"@type\":\"WebPage\",\"@id\":\"https:\/\/procomservices.com\/fr-ca\/insights\/embaucher-des-talents-aws-pour-la-transformation-de-linformatique-en-nuage\/\",\"url\":\"https:\/\/procomservices.com\/fr-ca\/insights\/embaucher-des-talents-aws-pour-la-transformation-de-linformatique-en-nuage\/\",\"name\":\"Embaucher des talents AWS pour la transformation de l\u2019informatique en nuage - Procom\",\"isPartOf\":{\"@id\":\"https:\/\/procomservices.com\/fr-ca\/#website\"},\"primaryImageOfPage\":{\"@id\":\"https:\/\/procomservices.com\/fr-ca\/insights\/embaucher-des-talents-aws-pour-la-transformation-de-linformatique-en-nuage\/#primaryimage\"},\"image\":{\"@id\":\"https:\/\/procomservices.com\/fr-ca\/insights\/embaucher-des-talents-aws-pour-la-transformation-de-linformatique-en-nuage\/#primaryimage\"},\"thumbnailUrl\":\"https:\/\/procomservices.com\/wp-content\/uploads\/2025\/06\/AWS-Cover-scaled-1.jpeg\",\"datePublished\":\"2025-02-20T02:48:36+00:00\",\"dateModified\":\"2026-03-30T20:21:28+00:00\",\"description\":\"Discover how to hire AWS talent for cloud transformation. Learn to recruit, assess, and retain certified AWS professionals. Hire IT talent with Procom today.\",\"breadcrumb\":{\"@id\":\"https:\/\/procomservices.com\/fr-ca\/insights\/embaucher-des-talents-aws-pour-la-transformation-de-linformatique-en-nuage\/#breadcrumb\"},\"inLanguage\":\"fr-ca\",\"potentialAction\":[{\"@type\":\"ReadAction\",\"target\":[\"https:\/\/procomservices.com\/fr-ca\/insights\/embaucher-des-talents-aws-pour-la-transformation-de-linformatique-en-nuage\/\"]}]},{\"@type\":\"ImageObject\",\"inLanguage\":\"fr-ca\",\"@id\":\"https:\/\/procomservices.com\/fr-ca\/insights\/embaucher-des-talents-aws-pour-la-transformation-de-linformatique-en-nuage\/#primaryimage\",\"url\":\"https:\/\/procomservices.com\/wp-content\/uploads\/2025\/06\/AWS-Cover-scaled-1.jpeg\",\"contentUrl\":\"https:\/\/procomservices.com\/wp-content\/uploads\/2025\/06\/AWS-Cover-scaled-1.jpeg\",\"width\":1620,\"height\":1080},{\"@type\":\"BreadcrumbList\",\"@id\":\"https:\/\/procomservices.com\/fr-ca\/insights\/embaucher-des-talents-aws-pour-la-transformation-de-linformatique-en-nuage\/#breadcrumb\",\"itemListElement\":[{\"@type\":\"ListItem\",\"position\":1,\"name\":\"Home\",\"item\":\"https:\/\/procomservices.com\/fr-ca\/\"},{\"@type\":\"ListItem\",\"position\":2,\"name\":\"Embaucher des talents AWS pour la transformation de l\u2019informatique en nuage\"}]},{\"@type\":\"WebSite\",\"@id\":\"https:\/\/procomservices.com\/fr-ca\/#website\",\"url\":\"https:\/\/procomservices.com\/fr-ca\/\",\"name\":\"Procom\",\"description\":\"\",\"publisher\":{\"@id\":\"https:\/\/procomservices.com\/fr-ca\/#organization\"},\"potentialAction\":[{\"@type\":\"SearchAction\",\"target\":{\"@type\":\"EntryPoint\",\"urlTemplate\":\"https:\/\/procomservices.com\/fr-ca\/?s={search_term_string}\"},\"query-input\":{\"@type\":\"PropertyValueSpecification\",\"valueRequired\":true,\"valueName\":\"search_term_string\"}}],\"inLanguage\":\"fr-ca\"},{\"@type\":\"Organization\",\"@id\":\"https:\/\/procomservices.com\/fr-ca\/#organization\",\"name\":\"Procom\",\"url\":\"https:\/\/procomservices.com\/fr-ca\/\",\"logo\":{\"@type\":\"ImageObject\",\"inLanguage\":\"fr-ca\",\"@id\":\"https:\/\/procomservices.com\/fr-ca\/#\/schema\/logo\/image\/\",\"url\":\"https:\/\/procomservices.com\/wp-content\/uploads\/2025\/09\/Procom_Logomark_CMYK@2x.jpg\",\"contentUrl\":\"https:\/\/procomservices.com\/wp-content\/uploads\/2025\/09\/Procom_Logomark_CMYK@2x.jpg\",\"width\":1205,\"height\":807,\"caption\":\"Procom\"},\"image\":{\"@id\":\"https:\/\/procomservices.com\/fr-ca\/#\/schema\/logo\/image\/\"},\"sameAs\":[\"https:\/\/www.facebook.com\/ProcomConsultantsGroup\/\",\"https:\/\/x.com\/Procom\"]},{\"@type\":\"Person\",\"@id\":\"https:\/\/procomservices.com\/fr-ca\/#\/schema\/person\/2bce332c68bf16842df6b2b00efd189c\",\"name\":\"Dylan.Fedy@Procomservices.com\",\"image\":{\"@type\":\"ImageObject\",\"inLanguage\":\"fr-ca\",\"@id\":\"https:\/\/procomservices.com\/fr-ca\/#\/schema\/person\/image\/\",\"url\":\"https:\/\/secure.gravatar.com\/avatar\/9d8bdb884bad794f1da0b4c86f3b2ea2d1c14732916592784f8af4d706e4bf64?s=96&d=mm&r=g\",\"contentUrl\":\"https:\/\/secure.gravatar.com\/avatar\/9d8bdb884bad794f1da0b4c86f3b2ea2d1c14732916592784f8af4d706e4bf64?s=96&d=mm&r=g\",\"caption\":\"Dylan.Fedy@Procomservices.com\"}}]}<\/script>\n<!-- \/ Yoast SEO plugin. -->","yoast_head_json":{"title":"Embaucher des talents AWS pour la transformation de l\u2019informatique en nuage - Procom","description":"Discover how to hire AWS talent for cloud transformation. Learn to recruit, assess, and retain certified AWS professionals. Hire IT talent with Procom today.","robots":{"index":"index","follow":"follow","max-snippet":"max-snippet:-1","max-image-preview":"max-image-preview:large","max-video-preview":"max-video-preview:-1"},"canonical":"https:\/\/procomservices.com\/fr-ca\/insights\/embaucher-des-talents-aws-pour-la-transformation-de-linformatique-en-nuage\/","og_locale":"fr_CA","og_type":"article","og_title":"Embaucher des talents AWS pour la transformation de l\u2019informatique en nuage - Procom","og_description":"Discover how to hire AWS talent for cloud transformation. Learn to recruit, assess, and retain certified AWS professionals. Hire IT talent with Procom today.","og_url":"https:\/\/procomservices.com\/fr-ca\/insights\/embaucher-des-talents-aws-pour-la-transformation-de-linformatique-en-nuage\/","og_site_name":"Procom","article_publisher":"https:\/\/www.facebook.com\/ProcomConsultantsGroup\/","article_published_time":"2025-02-20T02:48:36+00:00","article_modified_time":"2026-03-30T20:21:28+00:00","og_image":[{"width":1620,"height":1080,"url":"https:\/\/procomservices.com\/wp-content\/uploads\/2025\/06\/AWS-Cover-scaled-1.jpeg","type":"image\/jpeg"}],"author":"Dylan.Fedy@Procomservices.com","twitter_card":"summary_large_image","twitter_creator":"@Procom","twitter_site":"@Procom","twitter_misc":{"Written by":"Dylan.Fedy@Procomservices.com","Est. reading time":"9 minutes"},"schema":{"@context":"https:\/\/schema.org","@graph":[{"@type":"Article","@id":"https:\/\/procomservices.com\/fr-ca\/insights\/embaucher-des-talents-aws-pour-la-transformation-de-linformatique-en-nuage\/#article","isPartOf":{"@id":"https:\/\/procomservices.com\/fr-ca\/insights\/embaucher-des-talents-aws-pour-la-transformation-de-linformatique-en-nuage\/"},"author":{"name":"Dylan.Fedy@Procomservices.com","@id":"https:\/\/procomservices.com\/fr-ca\/#\/schema\/person\/2bce332c68bf16842df6b2b00efd189c"},"headline":"Embaucher des talents AWS pour la transformation de l\u2019informatique en nuage","datePublished":"2025-02-20T02:48:36+00:00","dateModified":"2026-03-30T20:21:28+00:00","mainEntityOfPage":{"@id":"https:\/\/procomservices.com\/fr-ca\/insights\/embaucher-des-talents-aws-pour-la-transformation-de-linformatique-en-nuage\/"},"wordCount":2149,"publisher":{"@id":"https:\/\/procomservices.com\/fr-ca\/#organization"},"image":{"@id":"https:\/\/procomservices.com\/fr-ca\/insights\/embaucher-des-talents-aws-pour-la-transformation-de-linformatique-en-nuage\/#primaryimage"},"thumbnailUrl":"https:\/\/procomservices.com\/wp-content\/uploads\/2025\/06\/AWS-Cover-scaled-1.jpeg","keywords":["AWS","Sp\u00e9cialisation"],"articleSection":["Sp\u00e9cialisation"],"inLanguage":"fr-ca"},{"@type":"WebPage","@id":"https:\/\/procomservices.com\/fr-ca\/insights\/embaucher-des-talents-aws-pour-la-transformation-de-linformatique-en-nuage\/","url":"https:\/\/procomservices.com\/fr-ca\/insights\/embaucher-des-talents-aws-pour-la-transformation-de-linformatique-en-nuage\/","name":"Embaucher des talents AWS pour la transformation de l\u2019informatique en nuage - Procom","isPartOf":{"@id":"https:\/\/procomservices.com\/fr-ca\/#website"},"primaryImageOfPage":{"@id":"https:\/\/procomservices.com\/fr-ca\/insights\/embaucher-des-talents-aws-pour-la-transformation-de-linformatique-en-nuage\/#primaryimage"},"image":{"@id":"https:\/\/procomservices.com\/fr-ca\/insights\/embaucher-des-talents-aws-pour-la-transformation-de-linformatique-en-nuage\/#primaryimage"},"thumbnailUrl":"https:\/\/procomservices.com\/wp-content\/uploads\/2025\/06\/AWS-Cover-scaled-1.jpeg","datePublished":"2025-02-20T02:48:36+00:00","dateModified":"2026-03-30T20:21:28+00:00","description":"Discover how to hire AWS talent for cloud transformation. Learn to recruit, assess, and retain certified AWS professionals. Hire IT talent with Procom today.","breadcrumb":{"@id":"https:\/\/procomservices.com\/fr-ca\/insights\/embaucher-des-talents-aws-pour-la-transformation-de-linformatique-en-nuage\/#breadcrumb"},"inLanguage":"fr-ca","potentialAction":[{"@type":"ReadAction","target":["https:\/\/procomservices.com\/fr-ca\/insights\/embaucher-des-talents-aws-pour-la-transformation-de-linformatique-en-nuage\/"]}]},{"@type":"ImageObject","inLanguage":"fr-ca","@id":"https:\/\/procomservices.com\/fr-ca\/insights\/embaucher-des-talents-aws-pour-la-transformation-de-linformatique-en-nuage\/#primaryimage","url":"https:\/\/procomservices.com\/wp-content\/uploads\/2025\/06\/AWS-Cover-scaled-1.jpeg","contentUrl":"https:\/\/procomservices.com\/wp-content\/uploads\/2025\/06\/AWS-Cover-scaled-1.jpeg","width":1620,"height":1080},{"@type":"BreadcrumbList","@id":"https:\/\/procomservices.com\/fr-ca\/insights\/embaucher-des-talents-aws-pour-la-transformation-de-linformatique-en-nuage\/#breadcrumb","itemListElement":[{"@type":"ListItem","position":1,"name":"Home","item":"https:\/\/procomservices.com\/fr-ca\/"},{"@type":"ListItem","position":2,"name":"Embaucher des talents AWS pour la transformation de l\u2019informatique en nuage"}]},{"@type":"WebSite","@id":"https:\/\/procomservices.com\/fr-ca\/#website","url":"https:\/\/procomservices.com\/fr-ca\/","name":"Procom","description":"","publisher":{"@id":"https:\/\/procomservices.com\/fr-ca\/#organization"},"potentialAction":[{"@type":"SearchAction","target":{"@type":"EntryPoint","urlTemplate":"https:\/\/procomservices.com\/fr-ca\/?s={search_term_string}"},"query-input":{"@type":"PropertyValueSpecification","valueRequired":true,"valueName":"search_term_string"}}],"inLanguage":"fr-ca"},{"@type":"Organization","@id":"https:\/\/procomservices.com\/fr-ca\/#organization","name":"Procom","url":"https:\/\/procomservices.com\/fr-ca\/","logo":{"@type":"ImageObject","inLanguage":"fr-ca","@id":"https:\/\/procomservices.com\/fr-ca\/#\/schema\/logo\/image\/","url":"https:\/\/procomservices.com\/wp-content\/uploads\/2025\/09\/Procom_Logomark_CMYK@2x.jpg","contentUrl":"https:\/\/procomservices.com\/wp-content\/uploads\/2025\/09\/Procom_Logomark_CMYK@2x.jpg","width":1205,"height":807,"caption":"Procom"},"image":{"@id":"https:\/\/procomservices.com\/fr-ca\/#\/schema\/logo\/image\/"},"sameAs":["https:\/\/www.facebook.com\/ProcomConsultantsGroup\/","https:\/\/x.com\/Procom"]},{"@type":"Person","@id":"https:\/\/procomservices.com\/fr-ca\/#\/schema\/person\/2bce332c68bf16842df6b2b00efd189c","name":"Dylan.Fedy@Procomservices.com","image":{"@type":"ImageObject","inLanguage":"fr-ca","@id":"https:\/\/procomservices.com\/fr-ca\/#\/schema\/person\/image\/","url":"https:\/\/secure.gravatar.com\/avatar\/9d8bdb884bad794f1da0b4c86f3b2ea2d1c14732916592784f8af4d706e4bf64?s=96&d=mm&r=g","contentUrl":"https:\/\/secure.gravatar.com\/avatar\/9d8bdb884bad794f1da0b4c86f3b2ea2d1c14732916592784f8af4d706e4bf64?s=96&d=mm&r=g","caption":"Dylan.Fedy@Procomservices.com"}}]}},"_links":{"self":[{"href":"https:\/\/procomservices.com\/fr-ca\/wp-json\/wp\/v2\/posts\/25675","targetHints":{"allow":["GET"]}}],"collection":[{"href":"https:\/\/procomservices.com\/fr-ca\/wp-json\/wp\/v2\/posts"}],"about":[{"href":"https:\/\/procomservices.com\/fr-ca\/wp-json\/wp\/v2\/types\/post"}],"author":[{"embeddable":true,"href":"https:\/\/procomservices.com\/fr-ca\/wp-json\/wp\/v2\/users\/21"}],"replies":[{"embeddable":true,"href":"https:\/\/procomservices.com\/fr-ca\/wp-json\/wp\/v2\/comments?post=25675"}],"version-history":[{"count":10,"href":"https:\/\/procomservices.com\/fr-ca\/wp-json\/wp\/v2\/posts\/25675\/revisions"}],"predecessor-version":[{"id":25696,"href":"https:\/\/procomservices.com\/fr-ca\/wp-json\/wp\/v2\/posts\/25675\/revisions\/25696"}],"wp:featuredmedia":[{"embeddable":true,"href":"https:\/\/procomservices.com\/fr-ca\/wp-json\/wp\/v2\/media\/1163"}],"wp:attachment":[{"href":"https:\/\/procomservices.com\/fr-ca\/wp-json\/wp\/v2\/media?parent=25675"}],"wp:term":[{"taxonomy":"category","embeddable":true,"href":"https:\/\/procomservices.com\/fr-ca\/wp-json\/wp\/v2\/categories?post=25675"},{"taxonomy":"post_tag","embeddable":true,"href":"https:\/\/procomservices.com\/fr-ca\/wp-json\/wp\/v2\/tags?post=25675"}],"curies":[{"name":"wp","href":"https:\/\/api.w.org\/{rel}","templated":true}]}}