{"id":7885,"date":"2022-05-30T10:22:00","date_gmt":"2022-05-30T10:22:00","guid":{"rendered":"https:\/\/procomservices.com\/recruiting-gen-z-how-to-engage-younger-talent\/"},"modified":"2025-11-19T18:52:10","modified_gmt":"2025-11-19T18:52:10","slug":"recruter-la-generation-z-comment-engager-et-retenir-la-plus-jeune-generation-de-talents","status":"publish","type":"post","link":"https:\/\/procomservices.com\/fr-ca\/insights\/recruter-la-generation-z-comment-engager-et-retenir-la-plus-jeune-generation-de-talents\/","title":{"rendered":"Recruter la g\u00e9n\u00e9ration Z : comment engager et retenir la plus jeune g\u00e9n\u00e9ration de talents"},"content":{"rendered":"\n<p class=\"wp-block-paragraph\">Pour engager et retenir la g\u00e9n\u00e9ration Z sur le lieu de travail, les employeurs devront adapter leurs strat\u00e9gies de recrutement. Alors que la r\u00e9mun\u00e9ration et les avantages sociaux \u00e9taient des facteurs d\u00e9terminants pour &nbsp; la g\u00e9n\u00e9ration X et les baby-boomers qui partent \u00e0 la retraite, la plus jeune g\u00e9n\u00e9ration de talents est en train de s&#8217;adapter \u00e0 l&#8217;\u00e9volution du march\u00e9 du travail. <a href=\"https:\/\/www.forbes.com\/sites\/forbeshumanresourcescouncil\/2021\/11\/10\/how-to-meet-gen-zs-workplace-expectations\/?sh=2a9b412274ff\">plus attir\u00e9s<\/a> \u00e0 des opportunit\u00e9s avec des organisations qui offrent des carri\u00e8res flexibles et fond\u00e9es sur des valeurs.<\/p>\n\n\n\n<p class=\"wp-block-paragraph\">G\u00e9n\u00e9ration Z &#8211; les personnes n\u00e9es entre 1997 et 2012 &#8211; est la g\u00e9n\u00e9ration la plus importante en termes de population mondiale. Le nombre de membres de la g\u00e9n\u00e9ration Z commen\u00e7ant \u00e0 peine \u00e0 se r\u00e9pandre dans le monde du travail, le moment est id\u00e9al pour r\u00e9fl\u00e9chir \u00e0 la mani\u00e8re d&#8217;attirer et de retenir les meilleurs talents de la g\u00e9n\u00e9ration Z.<\/p>\n\n\n\n<h2 class=\"wp-block-heading\">Qui est la g\u00e9n\u00e9ration Z ? Apprendre \u00e0 conna\u00eetre la g\u00e9n\u00e9ration Z sur le lieu de travail<\/h2>\n\n\n\n<p class=\"wp-block-paragraph\">D&#8217;ici 2025, les plus de 70 millions d&#8217;individus de la g\u00e9n\u00e9ration Z devraient repr\u00e9senter pr\u00e8s de<a href=\"https:\/\/www.computerworld.com\/article\/3661170\/what-gen-z-and-millennials-want-from-employers.html\"> 30% de la main-d&#8217;\u0153uvre mondiale<\/a>. La g\u00e9n\u00e9ration Z est la g\u00e9n\u00e9ration la plus diversifi\u00e9e sur le plan racial et ethnique, et elle est \u00e9galement en passe de devenir la g\u00e9n\u00e9ration la plus diversifi\u00e9e sur le plan ethnique et racial. <a href=\"https:\/\/www.pewresearch.org\/social-trends\/2018\/11\/15\/early-benchmarks-show-post-millennials-on-track-to-be-most-diverse-best-educated-generation-yet\/\">g\u00e9n\u00e9ration la plus instruite<\/a>.<\/p>\n\n\n\n<p class=\"wp-block-paragraph\">Un autre facteur qui distingue la g\u00e9n\u00e9ration Z des g\u00e9n\u00e9rations pr\u00e9c\u00e9dentes est son immersion technologique inh\u00e9rente. La t\u00e9l\u00e9vision a explos\u00e9 avec les baby-boomers, l&#8217;internet a progress\u00e9 avec la g\u00e9n\u00e9ration X, et les t\u00e9l\u00e9phones portables et les m\u00e9dias sociaux sont arriv\u00e9s \u00e0 maturit\u00e9 avec les mill\u00e9niaux.<\/p>\n\n\n\n<p class=\"wp-block-paragraph\">Mais la g\u00e9n\u00e9ration Z est pratiquement n\u00e9e branch\u00e9e. Et elle a collectivement des id\u00e9es diff\u00e9rentes de celles des groupes d&#8217;\u00e2ge pr\u00e9c\u00e9dents sur les mod\u00e8les de travail traditionnels et la culture d&#8217;entreprise.<\/p>\n\n\n\n<p class=\"wp-block-paragraph\">Si vous cherchez \u00e0 engager et \u00e0 retenir la g\u00e9n\u00e9ration Z sur le lieu de travail, voici quelques conseils utiles :<\/p>\n\n\n\n<h2 class=\"wp-block-heading\">Ce qui compte pour les travailleurs de la g\u00e9n\u00e9ration Z<\/h2>\n\n\n\n<p class=\"wp-block-paragraph\">Les membres les plus \u00e2g\u00e9s de la g\u00e9n\u00e9ration Z arrivent sur le march\u00e9 du travail dans un contexte de pand\u00e9mie, de p\u00e9nurie de main-d&#8217;\u0153uvre et de montagnes russes socio-\u00e9conomiques. Ces facteurs ont influenc\u00e9 leurs points de vue sur ce qui rend un emploi et une organisation particuliers d\u00e9sirables.<\/p>\n\n\n\n<p class=\"wp-block-paragraph\">La g\u00e9n\u00e9ration Z n&#8217;a pas peur d&#8217;\u00e9lever la voix et, sur le lieu de travail, elle exige une raison d&#8217;\u00eatre qui va au-del\u00e0 de la recherche du profit. Cette g\u00e9n\u00e9ration veut savoir que son travail &nbsp;contribue \u00e0 un impact soci\u00e9tal ou environnemental positif.<\/p>\n\n\n\n<h2 class=\"wp-block-heading\">Flexibilit\u00e9 et \u00e9quilibre en mati\u00e8re de salaire et d&#8217;avantages sociaux<\/h2>\n\n\n\n<p class=\"wp-block-paragraph\">Par exemple, un r\u00e9cent Enqu\u00eate sur les travailleurs du <a href=\"https:\/\/www2.deloitte.com\/global\/en\/pages\/about-deloitte\/articles\/genzmillennialsurvey.html\" target=\"_blank\" rel=\"noreferrer noopener nofollow\">mill\u00e9naire et de la g\u00e9n\u00e9ration Z<\/a> par le cabinet de conseil en entreprise Deloitte a mis en \u00e9vidence le d\u00e9sir de flexibilit\u00e9 des jeunes travailleurs. Environ 75% des mill\u00e9niaux et des membres de la g\u00e9n\u00e9ration Z ont d\u00e9clar\u00e9 que le mode de travail hybride ou \u00e0 distance \u00e9tait leur mode de travail pr\u00e9f\u00e9r\u00e9 ; 66% des travailleurs de la g\u00e9n\u00e9ration Z actuellement employ\u00e9s dans un bureau \u00e0 temps plein ont d\u00e9clar\u00e9 qu&#8217;ils souhaitaient que leur emploi soit hybride ou enti\u00e8rement \u00e0 distance.<\/p>\n\n\n\n<p class=\"wp-block-paragraph\">Selon l&#8217;enqu\u00eate, lorsqu&#8217;elle doit travailler sur place, la g\u00e9n\u00e9ration Z pr\u00e9f\u00e8re les bureaux d\u00e9limit\u00e9s par des murs aux cabines. La g\u00e9n\u00e9ration Z souhaite \u00e9galement un \u00e9quilibre \u00e9quitable entre vie professionnelle et vie priv\u00e9e, des opportunit\u00e9s de d\u00e9veloppement professionnel, un soutien au bien-\u00eatre qui inclut la sant\u00e9 mentale, et l&#8217;engagement de l&#8217;employeur en faveur d&#8217;impacts sociaux positifs.<\/p>\n\n\n\n<h2 class=\"wp-block-heading\">Pourquoi les travailleurs de la g\u00e9n\u00e9ration Z choisissent-ils leur emploi ?<\/h2>\n\n\n\n<p class=\"wp-block-paragraph\">Selon l&#8217;enqu\u00eate Deloitte, les principales raisons pour lesquelles les travailleurs de la g\u00e9n\u00e9ration Z ont choisi de travailler pour leur employeur actuel sont les suivantes :<\/p>\n\n\n\n<ul class=\"wp-block-list\">\n<li>Bon \u00e9quilibre entre vie professionnelle et vie priv\u00e9e<\/li>\n\n\n\n<li>Possibilit\u00e9s d&#8217;apprentissage et de d\u00e9veloppement<\/li>\n\n\n\n<li>Salaire et\/ou autres avantages financiers<\/li>\n\n\n\n<li>Culture positive sur le lieu de travail<\/li>\n\n\n\n<li>Possibilit\u00e9s de progresser<\/li>\n\n\n\n<li>Sentiment d&#8217;utilit\u00e9 au travail<\/li>\n\n\n\n<li>Mod\u00e8le de travail flexible<\/li>\n<\/ul>\n\n\n\n<p class=\"wp-block-paragraph\">La g\u00e9n\u00e9ration Z est \u00e9galement \u00e0 l&#8217;\u00e9coute <a href=\"https:\/\/www.washingtonpost.com\/business\/2021\/02\/18\/millennial-genz-workplace-diversity-equity-inclusion\/\">la diversit\u00e9 et l&#8217;inclusion<\/a> sur le lieu de travail. Il s&#8217;agit non seulement de la g\u00e9n\u00e9ration la plus diversifi\u00e9e sur le plan ethnique et racial, mais aussi sur le plan du genre et de l&#8217;identification sexuelle ; la g\u00e9n\u00e9ration Z souhaite que cette diversit\u00e9 soit refl\u00e9t\u00e9e dans les environnements de travail.<\/p>\n\n\n\n<h2 class=\"wp-block-heading\">Meilleures pratiques pour recruter (et fid\u00e9liser) la g\u00e9n\u00e9ration Z<\/h2>\n\n\n\n<p class=\"wp-block-paragraph\">L&#8217;une des cl\u00e9s pour attirer et retenir les<a href=\"https:\/\/www.shrm.org\/resourcesandtools\/hr-topics\/employee-relations\/pages\/10-tips-for-hiring-and-retaining-gen-z-employees.aspx\"> Les premiers talents de la g\u00e9n\u00e9ration Z<\/a> est d&#8217;\u00e9couter. Savoir que les employeurs pr\u00eatent attention \u00e0 ce qu&#8217;ils disent est important pour eux et \u00e0 la raison pour laquelle ils choisissent de travailler pour tel ou tel employeur. Les responsables du recrutement devraient envisager d&#8217;int\u00e9grer des \u00e9l\u00e9ments tels qu&#8217;un mod\u00e8le de travail flexible ou d&#8217;autres avantages cr\u00e9atifs s&#8217;ils conviennent \u00e0 l&#8217;organisation.<\/p>\n\n\n\n<p class=\"wp-block-paragraph\">Les meilleures pratiques en mati\u00e8re de recrutement de la g\u00e9n\u00e9ration Z doivent commencer d\u00e8s la publication de l&#8217;offre d&#8217;emploi. Il est important de donner des <a href=\"\/en-us\/hiring-tips\/attracting-top-talent-in-a-candidate-driven-market\">raisons convaincantes<\/a> pourquoi un travailleur de la g\u00e9n\u00e9ration Z voudrait travailler dans votre organisation, et ces raisons convaincantes doivent inclure ce qui compte le plus pour lui.<\/p>\n\n\n\n<h2 class=\"wp-block-heading\">Possibilit\u00e9s de d\u00e9veloppement et responsabilit\u00e9 sociale<\/h2>\n\n\n\n<p class=\"wp-block-paragraph\">Les travailleurs de la g\u00e9n\u00e9ration Z consid\u00e8rent la formation continue et les opportunit\u00e9s de d\u00e9veloppement professionnel comme des attraits, et ces opportunit\u00e9s n&#8217;ont pas besoin d&#8217;\u00eatre des offres co\u00fbteuses telles que le remboursement de cours universitaires ou des s\u00e9minaires de formation hors site. De nombreux travailleurs de la g\u00e9n\u00e9ration Z sont d\u00e9j\u00e0 habitu\u00e9s \u00e0 <a href=\"https:\/\/www.hrexchangenetwork.com\/learning\/articles\/learning-that-targets-millennial-and-generation-z\">micro-apprentissage<\/a>Le contenu \u00e9ducatif est diffus\u00e9 sous une forme courte, souvent sous forme de vid\u00e9o.<\/p>\n\n\n\n<p class=\"wp-block-paragraph\">D\u00e9montrez l&#8217;engagement de votre organisation en faveur de la diversit\u00e9 et de la responsabilit\u00e9 sociale, et faites participer les employ\u00e9s aux efforts de l&#8217;organisation en vue d&#8217;influer sur le changement. <a href=\"https:\/\/advertisingweek.com\/corporate-social-responsibility-its-no-longer-an-option\/\">Responsabilit\u00e9 sociale des entreprises <\/a>est devenue une n\u00e9cessit\u00e9, principalement aliment\u00e9e par l&#8217;id\u00e9alisme de la g\u00e9n\u00e9ration Z. L&#8217;id\u00e9e est si cruciale pour attirer les talents de la g\u00e9n\u00e9ration Z que &#8220;RSE&#8221; est devenue une abr\u00e9viation imm\u00e9diatement reconnaissable sur le lieu de travail, et la g\u00e9n\u00e9ration Z associe fortement la RSE \u00e0 la marque globale d&#8217;une organisation.<\/p>\n\n\n\n<p class=\"wp-block-paragraph\">De m\u00eame, la g\u00e9n\u00e9ration Z est incit\u00e9e \u00e0 soutenir et \u00e0 travailler pour ce que l&#8217;on appelle la <a href=\"https:\/\/www.forbes.com\/sites\/esade\/2019\/03\/13\/csr-purpose-brands-and-gen-z\/?sh=21c8f3c15849\">&#8220;marques cibl\u00e9es.&#8221;<\/a> Ce terme s&#8217;applique \u00e0 un \u00e9ventail d&#8217;entreprises qui soutiennent des causes sociales sp\u00e9cifiques, utilisent des produits naturels ou recycl\u00e9s, ou adh\u00e8rent \u00e0 des pratiques respectueuses de l&#8217;environnement.<\/p>\n\n\n\n<h2 class=\"wp-block-heading\">Connectez-vous t\u00f4t, souvent et en ligne<\/h2>\n\n\n\n<p class=\"wp-block-paragraph\">Connectez-vous avec la g\u00e9n\u00e9ration Z et n&#8217;ayez pas peur d&#8217;essayer des plateformes \u00e9mergentes. Selon Forbes, &nbsp;la plupart des travailleurs de la g\u00e9n\u00e9ration Z estiment qu&#8217;il est important d&#8217;\u00e9tablir un contact avec les employeurs m\u00eame si une offre d&#8217;emploi n&#8217;est pas imm\u00e9diatement disponible.<\/p>\n\n\n\n<p class=\"wp-block-paragraph\">Le m\u00eame article note \u00e9galement que la g\u00e9n\u00e9ration Z accorde de l&#8217;importance \u00e0 sa pr\u00e9sence en ligne en tant que repr\u00e9sentant d&#8217;une marque personnelle. Les jeunes travailleurs sont ouverts aux contacts li\u00e9s \u00e0 l&#8217;emploi par le biais de m\u00e9dias sociaux tels que TikTok, Instagram et Snapchat.<\/p>\n\n\n\n<p class=\"wp-block-paragraph\">La g\u00e9n\u00e9ration Z a \u00e9galement grandi avec la communication et l&#8217;apprentissage par vid\u00e9o num\u00e9rique. Les jeunes travailleurs sont g\u00e9n\u00e9ralement \u00e0 l&#8217;aise avec les entretiens vid\u00e9o et les autres formes d&#8217;apprentissage. les <a href=\"https:\/\/www.inc.com\/ryan-jenkins\/8-generation-z-recruiting-tools-you-need-to-know.html\">outils technologiques d&#8217;embauche<\/a>.<\/p>\n\n\n\n<h2 class=\"wp-block-heading\">G\u00e9n\u00e9ration Z : une vision \u00e0 long terme<\/h2>\n\n\n\n<p class=\"wp-block-paragraph\"><a href=\"\/en-us\/hiring-tips\/how-to-increase-retention-through-the-great-resignation\">Fid\u00e9liser les salari\u00e9s qualifi\u00e9s<\/a> est un objectif \u00e9vident, mais les organisations doivent aussi \u00eatre r\u00e9alistes. Si les effets cumul\u00e9s de la pand\u00e9mie, de la grande d\u00e9mission et de l&#8217;inflation apparemment sans fin nous ont appris quelque chose, c&#8217;est que le changement est constant et qu&#8217;il se produit souvent plus vite que ce que nous sommes pr\u00eats \u00e0 affronter.<\/p>\n\n\n\n<p class=\"wp-block-paragraph\">Plus de la moiti\u00e9 des jeunes actifs de la g\u00e9n\u00e9ration Z d\u00e9clarent d\u00e9j\u00e0 <a href=\"https:\/\/www.bbc.com\/worklife\/article\/20220520-why-gen-z-workers-are-already-so-burned-out\">\u00e9puisement professionnelet <\/a>seulement un tiers d&#8217;entre eux pensent qu&#8217;ils resteront dans leur premier emploi pendant quatre ans ou plus. Si les jeunes travailleurs ont \u00e9t\u00e9 nombreux \u00e0 quitter leur emploi ou \u00e0 en changer ces derni\u00e8res ann\u00e9es, les donn\u00e9es sugg\u00e8rent que ces mouvements ne sont pas dus \u00e0 une volatilit\u00e9 g\u00e9n\u00e9rationnelle, mais plut\u00f4t \u00e0 une n\u00e9cessit\u00e9 financi\u00e8re ou \u00e0 l&#8217;existence de meilleures opportunit\u00e9s.<\/p>\n\n\n\n<p class=\"wp-block-paragraph\">En fait, un r\u00e9cent rapport de CNBC a indiqu\u00e9 que la &#8220;<a href=\"https:\/\/www.cnbc.com\/2021\/02\/28\/millennials-gen-z-are-job-hopping-but-maybe-not-enough.html\">tr\u00e9mie de travai<\/a>lLe qualificatif de &#8221; sans-emploi &#8221; accol\u00e9 aux travailleurs du mill\u00e9naire et de la g\u00e9n\u00e9ration Z est injuste. De nombreux jeunes travailleurs souhaitent en fait un emploi \u00e0 long terme avec des possibilit\u00e9s d&#8217;\u00e9volution au sein de la m\u00eame organisation, et les analyses des donn\u00e9es historiques sugg\u00e8rent que les travailleurs du mill\u00e9naire et de la g\u00e9n\u00e9ration Z changent d&#8217;emploi \u00e0 un rythme moins \u00e9lev\u00e9 que ceux des g\u00e9n\u00e9rations pr\u00e9c\u00e9dentes au m\u00eame \u00e2ge.<\/p>\n\n\n\n<p class=\"wp-block-paragraph\">Fondamentalement, les travailleurs de la g\u00e9n\u00e9ration Z veulent la m\u00eame chose que leurs coll\u00e8gues des autres g\u00e9n\u00e9rations : un emploi int\u00e9ressant avec un salaire d\u00e9cent dans une entreprise qui les respecte en tant qu&#8217;individus, qui favorise leur d\u00e9veloppement professionnel et qui les incite \u00e0 s&#8217;efforcer d&#8217;am\u00e9liorer leur avenir.<\/p>\n\n\n\n<h2 class=\"wp-block-heading\">Voice of Talent : Rapport sur le retour au bureau<\/h2>\n\n\n\n<p class=\"wp-block-paragraph\">Procom a r\u00e9cemment interrog\u00e9 plus de 1 000 travailleurs du savoir pour conna\u00eetre leurs priorit\u00e9s en mati\u00e8re de candidats et savoir comment les employeurs peuvent engager et fid\u00e9liser les employ\u00e9s d\u00e8s maintenant.<\/p>\n\n\n\n<p class=\"wp-block-paragraph\">Le rapport &#8220;Voice of Talent&#8221; fournit des informations utiles sur ce que les travailleurs attendent de leurs employeurs.<\/p>\n\n\n\n<p class=\"wp-block-paragraph\">Obtenez votre exemplaire gratuit et d\u00e9couvrez comment attirer les meilleurs candidats d\u00e8s maintenant :<\/p>\n\n\n\n<p class=\"wp-block-paragraph\"><a role=\"button\" href=\"\/return-to-work-report\"><br>T\u00e9l\u00e9charger le rapport<br><\/a><\/p>\n\n\n\n        <style>\n            [data-hsfc-id=Renderer] .hsfc-Step .hsfc-Step__Content {\n                padding-top: 0;\n            }\n            [data-hsfc-id=Renderer] .hsfc-PostSubmit .hsfc-RichText {\n                display: block;\n            }\n\t\t\t.content-single .hs-form-html .hsfc-RichText span {\n            \tcolor: #fff;\n            }\n            #form-heading {\n                background-image: linear-gradient(to left, rgb(0, 92, 185), rgb(0, 23, 46));\n                margin-bottom: 0;\n                font-weight: 700;\n\t\t\t\tfont-size: 42px !important;\n                line-height: 50.4px;\n                color: #fff;\n                text-align: center;\n\n                padding-top: 40px;\n\t\t\t\tpadding-left: 40px;\n\t\t\t\tpadding-right: 40px;\n            }\n\t\t\t#form-heading +div{\n\t\t\t\tmargin-top: 0px;\n\t\t\t}\n\t\t\t:root :where(.is-layout-flow.no-marg-t) > * {\n\t\t\t\tmargin-top: 0 !important;\n\t\t\t}\n\t\t\t.wp-block-group.hs-form-group {\n\t\t\t\tdisplay: block;\n\t\t\t}\n\t\t\t.wp-block-group.hs-form-group.is-visible {\n\t\t\t\tdisplay: block;\n\t\t\t}\n        <\/style>\n\n        <div class=\"\" id=\"form-heading\">\n            Pr\u00eat \u00e0 vous connecter ?        <\/div>\n\n        <script \n            src=\"https:\/\/js.hsforms.net\/forms\/embed\/developer\/3013010.js\"\n            defer>\n        <\/script>\n\n        <div class=\"hs-form-html 3b73dba1-c657-4b7a-9e28-e7a79eefc625\"\n             data-region=\"na1\"\n             data-form-id=\"3b73dba1-c657-4b7a-9e28-e7a79eefc625\"\n             data-portal-id=\"3013010\">\n        <\/div>\n\n\t\t\n        \n","protected":false},"excerpt":{"rendered":"<p>Pour engager et retenir la g\u00e9n\u00e9ration Z sur le lieu de travail, les employeurs devront adapter leurs strat\u00e9gies de recrutement. Alors que la r\u00e9mun\u00e9ration et les avantages sociaux \u00e9taient des facteurs d\u00e9terminants pour &nbsp; la g\u00e9n\u00e9ration X et les baby-boomers qui partent \u00e0 la retraite, la plus jeune g\u00e9n\u00e9ration de talents est en train de&#8230;<\/p>\n","protected":false},"author":21,"featured_media":1481,"comment_status":"closed","ping_status":"closed","sticky":false,"template":"","format":"standard","meta":{"_acf_changed":false,"_crdt_document":"","inline_featured_image":false,"footnotes":""},"categories":[1041],"tags":[1075],"class_list":["post-7885","post","type-post","status-publish","format-standard","has-post-thumbnail","hentry","category-acquisition-de-talents"],"acf":[],"yoast_head":"<!-- This site is optimized with the Yoast SEO plugin v27.1.1 - https:\/\/yoast.com\/product\/yoast-seo-wordpress\/ -->\n<title>Recruter la g\u00e9n\u00e9ration Z : comment engager et retenir la plus jeune g\u00e9n\u00e9ration de talents - Procom<\/title>\n<meta name=\"description\" content=\"Pour engager et retenir la g\u00e9n\u00e9ration Z sur le lieu de travail, les employeurs devront adapter leurs strat\u00e9gies de recrutement. Alors que la r\u00e9mun\u00e9ration\" \/>\n<meta name=\"robots\" content=\"index, follow, max-snippet:-1, max-image-preview:large, max-video-preview:-1\" \/>\n<link rel=\"canonical\" href=\"https:\/\/procomservices.com\/fr-ca\/insights\/recruter-la-generation-z-comment-engager-et-retenir-la-plus-jeune-generation-de-talents\/\" \/>\n<meta property=\"og:locale\" content=\"fr_CA\" \/>\n<meta property=\"og:type\" content=\"article\" \/>\n<meta property=\"og:title\" content=\"Recruter la g\u00e9n\u00e9ration Z : comment engager et retenir la plus jeune g\u00e9n\u00e9ration de talents - Procom\" \/>\n<meta property=\"og:description\" content=\"Pour engager et retenir la g\u00e9n\u00e9ration Z sur le lieu de travail, les employeurs devront adapter leurs strat\u00e9gies de recrutement. Alors que la r\u00e9mun\u00e9ration\" \/>\n<meta property=\"og:url\" content=\"https:\/\/procomservices.com\/fr-ca\/insights\/recruter-la-generation-z-comment-engager-et-retenir-la-plus-jeune-generation-de-talents\/\" \/>\n<meta property=\"og:site_name\" content=\"Procom\" \/>\n<meta property=\"article:publisher\" content=\"https:\/\/www.facebook.com\/ProcomConsultantsGroup\/\" \/>\n<meta property=\"article:published_time\" content=\"2022-05-30T10:22:00+00:00\" \/>\n<meta property=\"article:modified_time\" content=\"2025-11-19T18:52:10+00:00\" \/>\n<meta property=\"og:image\" content=\"https:\/\/procomservices.com\/wp-content\/uploads\/2025\/06\/Social-Blog-Cards-with-text-without-5-1.jpg\" \/>\n\t<meta property=\"og:image:width\" content=\"1200\" \/>\n\t<meta property=\"og:image:height\" content=\"627\" \/>\n\t<meta property=\"og:image:type\" content=\"image\/jpeg\" \/>\n<meta name=\"author\" content=\"Dylan.Fedy@Procomservices.com\" \/>\n<meta name=\"twitter:card\" content=\"summary_large_image\" \/>\n<meta name=\"twitter:creator\" content=\"@Procom\" \/>\n<meta name=\"twitter:site\" content=\"@Procom\" \/>\n<meta name=\"twitter:label1\" content=\"Written by\" \/>\n\t<meta name=\"twitter:data1\" content=\"Dylan.Fedy@Procomservices.com\" \/>\n\t<meta name=\"twitter:label2\" content=\"Est. reading time\" \/>\n\t<meta name=\"twitter:data2\" content=\"7 minutes\" \/>\n<script type=\"application\/ld+json\" class=\"yoast-schema-graph\">{\"@context\":\"https:\/\/schema.org\",\"@graph\":[{\"@type\":\"Article\",\"@id\":\"https:\/\/procomservices.com\/fr-ca\/insights\/recruter-la-generation-z-comment-engager-et-retenir-la-plus-jeune-generation-de-talents\/#article\",\"isPartOf\":{\"@id\":\"https:\/\/procomservices.com\/fr-ca\/insights\/recruter-la-generation-z-comment-engager-et-retenir-la-plus-jeune-generation-de-talents\/\"},\"author\":{\"name\":\"Dylan.Fedy@Procomservices.com\",\"@id\":\"https:\/\/procomservices.com\/fr-ca\/#\/schema\/person\/2bce332c68bf16842df6b2b00efd189c\"},\"headline\":\"Recruter la g\u00e9n\u00e9ration Z : comment engager et retenir la plus jeune g\u00e9n\u00e9ration de talents\",\"datePublished\":\"2022-05-30T10:22:00+00:00\",\"dateModified\":\"2025-11-19T18:52:10+00:00\",\"mainEntityOfPage\":{\"@id\":\"https:\/\/procomservices.com\/fr-ca\/insights\/recruter-la-generation-z-comment-engager-et-retenir-la-plus-jeune-generation-de-talents\/\"},\"wordCount\":1835,\"publisher\":{\"@id\":\"https:\/\/procomservices.com\/fr-ca\/#organization\"},\"image\":{\"@id\":\"https:\/\/procomservices.com\/fr-ca\/insights\/recruter-la-generation-z-comment-engager-et-retenir-la-plus-jeune-generation-de-talents\/#primaryimage\"},\"thumbnailUrl\":\"https:\/\/procomservices.com\/wp-content\/uploads\/2025\/06\/Social-Blog-Cards-with-text-without-5-1.jpg\",\"keywords\":[\"Acquisition de talents\"],\"articleSection\":[\"Acquisition de talents\"],\"inLanguage\":\"fr-ca\"},{\"@type\":\"WebPage\",\"@id\":\"https:\/\/procomservices.com\/fr-ca\/insights\/recruter-la-generation-z-comment-engager-et-retenir-la-plus-jeune-generation-de-talents\/\",\"url\":\"https:\/\/procomservices.com\/fr-ca\/insights\/recruter-la-generation-z-comment-engager-et-retenir-la-plus-jeune-generation-de-talents\/\",\"name\":\"Recruter la g\u00e9n\u00e9ration Z : comment engager et retenir la plus jeune g\u00e9n\u00e9ration de talents - Procom\",\"isPartOf\":{\"@id\":\"https:\/\/procomservices.com\/fr-ca\/#website\"},\"primaryImageOfPage\":{\"@id\":\"https:\/\/procomservices.com\/fr-ca\/insights\/recruter-la-generation-z-comment-engager-et-retenir-la-plus-jeune-generation-de-talents\/#primaryimage\"},\"image\":{\"@id\":\"https:\/\/procomservices.com\/fr-ca\/insights\/recruter-la-generation-z-comment-engager-et-retenir-la-plus-jeune-generation-de-talents\/#primaryimage\"},\"thumbnailUrl\":\"https:\/\/procomservices.com\/wp-content\/uploads\/2025\/06\/Social-Blog-Cards-with-text-without-5-1.jpg\",\"datePublished\":\"2022-05-30T10:22:00+00:00\",\"dateModified\":\"2025-11-19T18:52:10+00:00\",\"description\":\"Pour engager et retenir la g\u00e9n\u00e9ration Z sur le lieu de travail, les employeurs devront adapter leurs strat\u00e9gies de recrutement. Alors que la r\u00e9mun\u00e9ration\",\"breadcrumb\":{\"@id\":\"https:\/\/procomservices.com\/fr-ca\/insights\/recruter-la-generation-z-comment-engager-et-retenir-la-plus-jeune-generation-de-talents\/#breadcrumb\"},\"inLanguage\":\"fr-ca\",\"potentialAction\":[{\"@type\":\"ReadAction\",\"target\":[\"https:\/\/procomservices.com\/fr-ca\/insights\/recruter-la-generation-z-comment-engager-et-retenir-la-plus-jeune-generation-de-talents\/\"]}]},{\"@type\":\"ImageObject\",\"inLanguage\":\"fr-ca\",\"@id\":\"https:\/\/procomservices.com\/fr-ca\/insights\/recruter-la-generation-z-comment-engager-et-retenir-la-plus-jeune-generation-de-talents\/#primaryimage\",\"url\":\"https:\/\/procomservices.com\/wp-content\/uploads\/2025\/06\/Social-Blog-Cards-with-text-without-5-1.jpg\",\"contentUrl\":\"https:\/\/procomservices.com\/wp-content\/uploads\/2025\/06\/Social-Blog-Cards-with-text-without-5-1.jpg\",\"width\":1200,\"height\":627},{\"@type\":\"BreadcrumbList\",\"@id\":\"https:\/\/procomservices.com\/fr-ca\/insights\/recruter-la-generation-z-comment-engager-et-retenir-la-plus-jeune-generation-de-talents\/#breadcrumb\",\"itemListElement\":[{\"@type\":\"ListItem\",\"position\":1,\"name\":\"Home\",\"item\":\"https:\/\/procomservices.com\/fr-ca\/\"},{\"@type\":\"ListItem\",\"position\":2,\"name\":\"Recruter la g\u00e9n\u00e9ration Z : comment engager et retenir la plus jeune g\u00e9n\u00e9ration de talents\"}]},{\"@type\":\"WebSite\",\"@id\":\"https:\/\/procomservices.com\/fr-ca\/#website\",\"url\":\"https:\/\/procomservices.com\/fr-ca\/\",\"name\":\"Procom\",\"description\":\"\",\"publisher\":{\"@id\":\"https:\/\/procomservices.com\/fr-ca\/#organization\"},\"potentialAction\":[{\"@type\":\"SearchAction\",\"target\":{\"@type\":\"EntryPoint\",\"urlTemplate\":\"https:\/\/procomservices.com\/fr-ca\/?s={search_term_string}\"},\"query-input\":{\"@type\":\"PropertyValueSpecification\",\"valueRequired\":true,\"valueName\":\"search_term_string\"}}],\"inLanguage\":\"fr-ca\"},{\"@type\":\"Organization\",\"@id\":\"https:\/\/procomservices.com\/fr-ca\/#organization\",\"name\":\"Procom\",\"url\":\"https:\/\/procomservices.com\/fr-ca\/\",\"logo\":{\"@type\":\"ImageObject\",\"inLanguage\":\"fr-ca\",\"@id\":\"https:\/\/procomservices.com\/fr-ca\/#\/schema\/logo\/image\/\",\"url\":\"https:\/\/procomservices.com\/wp-content\/uploads\/2025\/09\/Procom_Logomark_CMYK@2x.jpg\",\"contentUrl\":\"https:\/\/procomservices.com\/wp-content\/uploads\/2025\/09\/Procom_Logomark_CMYK@2x.jpg\",\"width\":1205,\"height\":807,\"caption\":\"Procom\"},\"image\":{\"@id\":\"https:\/\/procomservices.com\/fr-ca\/#\/schema\/logo\/image\/\"},\"sameAs\":[\"https:\/\/www.facebook.com\/ProcomConsultantsGroup\/\",\"https:\/\/x.com\/Procom\"]},{\"@type\":\"Person\",\"@id\":\"https:\/\/procomservices.com\/fr-ca\/#\/schema\/person\/2bce332c68bf16842df6b2b00efd189c\",\"name\":\"Dylan.Fedy@Procomservices.com\",\"image\":{\"@type\":\"ImageObject\",\"inLanguage\":\"fr-ca\",\"@id\":\"https:\/\/procomservices.com\/fr-ca\/#\/schema\/person\/image\/\",\"url\":\"https:\/\/secure.gravatar.com\/avatar\/9d8bdb884bad794f1da0b4c86f3b2ea2d1c14732916592784f8af4d706e4bf64?s=96&d=mm&r=g\",\"contentUrl\":\"https:\/\/secure.gravatar.com\/avatar\/9d8bdb884bad794f1da0b4c86f3b2ea2d1c14732916592784f8af4d706e4bf64?s=96&d=mm&r=g\",\"caption\":\"Dylan.Fedy@Procomservices.com\"}}]}<\/script>\n<!-- \/ Yoast SEO plugin. -->","yoast_head_json":{"title":"Recruter la g\u00e9n\u00e9ration Z : comment engager et retenir la plus jeune g\u00e9n\u00e9ration de talents - Procom","description":"Pour engager et retenir la g\u00e9n\u00e9ration Z sur le lieu de travail, les employeurs devront adapter leurs strat\u00e9gies de recrutement. Alors que la r\u00e9mun\u00e9ration","robots":{"index":"index","follow":"follow","max-snippet":"max-snippet:-1","max-image-preview":"max-image-preview:large","max-video-preview":"max-video-preview:-1"},"canonical":"https:\/\/procomservices.com\/fr-ca\/insights\/recruter-la-generation-z-comment-engager-et-retenir-la-plus-jeune-generation-de-talents\/","og_locale":"fr_CA","og_type":"article","og_title":"Recruter la g\u00e9n\u00e9ration Z : comment engager et retenir la plus jeune g\u00e9n\u00e9ration de talents - Procom","og_description":"Pour engager et retenir la g\u00e9n\u00e9ration Z sur le lieu de travail, les employeurs devront adapter leurs strat\u00e9gies de recrutement. Alors que la r\u00e9mun\u00e9ration","og_url":"https:\/\/procomservices.com\/fr-ca\/insights\/recruter-la-generation-z-comment-engager-et-retenir-la-plus-jeune-generation-de-talents\/","og_site_name":"Procom","article_publisher":"https:\/\/www.facebook.com\/ProcomConsultantsGroup\/","article_published_time":"2022-05-30T10:22:00+00:00","article_modified_time":"2025-11-19T18:52:10+00:00","og_image":[{"width":1200,"height":627,"url":"https:\/\/procomservices.com\/wp-content\/uploads\/2025\/06\/Social-Blog-Cards-with-text-without-5-1.jpg","type":"image\/jpeg"}],"author":"Dylan.Fedy@Procomservices.com","twitter_card":"summary_large_image","twitter_creator":"@Procom","twitter_site":"@Procom","twitter_misc":{"Written by":"Dylan.Fedy@Procomservices.com","Est. reading time":"7 minutes"},"schema":{"@context":"https:\/\/schema.org","@graph":[{"@type":"Article","@id":"https:\/\/procomservices.com\/fr-ca\/insights\/recruter-la-generation-z-comment-engager-et-retenir-la-plus-jeune-generation-de-talents\/#article","isPartOf":{"@id":"https:\/\/procomservices.com\/fr-ca\/insights\/recruter-la-generation-z-comment-engager-et-retenir-la-plus-jeune-generation-de-talents\/"},"author":{"name":"Dylan.Fedy@Procomservices.com","@id":"https:\/\/procomservices.com\/fr-ca\/#\/schema\/person\/2bce332c68bf16842df6b2b00efd189c"},"headline":"Recruter la g\u00e9n\u00e9ration Z : comment engager et retenir la plus jeune g\u00e9n\u00e9ration de talents","datePublished":"2022-05-30T10:22:00+00:00","dateModified":"2025-11-19T18:52:10+00:00","mainEntityOfPage":{"@id":"https:\/\/procomservices.com\/fr-ca\/insights\/recruter-la-generation-z-comment-engager-et-retenir-la-plus-jeune-generation-de-talents\/"},"wordCount":1835,"publisher":{"@id":"https:\/\/procomservices.com\/fr-ca\/#organization"},"image":{"@id":"https:\/\/procomservices.com\/fr-ca\/insights\/recruter-la-generation-z-comment-engager-et-retenir-la-plus-jeune-generation-de-talents\/#primaryimage"},"thumbnailUrl":"https:\/\/procomservices.com\/wp-content\/uploads\/2025\/06\/Social-Blog-Cards-with-text-without-5-1.jpg","keywords":["Acquisition de talents"],"articleSection":["Acquisition de talents"],"inLanguage":"fr-ca"},{"@type":"WebPage","@id":"https:\/\/procomservices.com\/fr-ca\/insights\/recruter-la-generation-z-comment-engager-et-retenir-la-plus-jeune-generation-de-talents\/","url":"https:\/\/procomservices.com\/fr-ca\/insights\/recruter-la-generation-z-comment-engager-et-retenir-la-plus-jeune-generation-de-talents\/","name":"Recruter la g\u00e9n\u00e9ration Z : comment engager et retenir la plus jeune g\u00e9n\u00e9ration de talents - Procom","isPartOf":{"@id":"https:\/\/procomservices.com\/fr-ca\/#website"},"primaryImageOfPage":{"@id":"https:\/\/procomservices.com\/fr-ca\/insights\/recruter-la-generation-z-comment-engager-et-retenir-la-plus-jeune-generation-de-talents\/#primaryimage"},"image":{"@id":"https:\/\/procomservices.com\/fr-ca\/insights\/recruter-la-generation-z-comment-engager-et-retenir-la-plus-jeune-generation-de-talents\/#primaryimage"},"thumbnailUrl":"https:\/\/procomservices.com\/wp-content\/uploads\/2025\/06\/Social-Blog-Cards-with-text-without-5-1.jpg","datePublished":"2022-05-30T10:22:00+00:00","dateModified":"2025-11-19T18:52:10+00:00","description":"Pour engager et retenir la g\u00e9n\u00e9ration Z sur le lieu de travail, les employeurs devront adapter leurs strat\u00e9gies de recrutement. Alors que la r\u00e9mun\u00e9ration","breadcrumb":{"@id":"https:\/\/procomservices.com\/fr-ca\/insights\/recruter-la-generation-z-comment-engager-et-retenir-la-plus-jeune-generation-de-talents\/#breadcrumb"},"inLanguage":"fr-ca","potentialAction":[{"@type":"ReadAction","target":["https:\/\/procomservices.com\/fr-ca\/insights\/recruter-la-generation-z-comment-engager-et-retenir-la-plus-jeune-generation-de-talents\/"]}]},{"@type":"ImageObject","inLanguage":"fr-ca","@id":"https:\/\/procomservices.com\/fr-ca\/insights\/recruter-la-generation-z-comment-engager-et-retenir-la-plus-jeune-generation-de-talents\/#primaryimage","url":"https:\/\/procomservices.com\/wp-content\/uploads\/2025\/06\/Social-Blog-Cards-with-text-without-5-1.jpg","contentUrl":"https:\/\/procomservices.com\/wp-content\/uploads\/2025\/06\/Social-Blog-Cards-with-text-without-5-1.jpg","width":1200,"height":627},{"@type":"BreadcrumbList","@id":"https:\/\/procomservices.com\/fr-ca\/insights\/recruter-la-generation-z-comment-engager-et-retenir-la-plus-jeune-generation-de-talents\/#breadcrumb","itemListElement":[{"@type":"ListItem","position":1,"name":"Home","item":"https:\/\/procomservices.com\/fr-ca\/"},{"@type":"ListItem","position":2,"name":"Recruter la g\u00e9n\u00e9ration Z : comment engager et retenir la plus jeune g\u00e9n\u00e9ration de talents"}]},{"@type":"WebSite","@id":"https:\/\/procomservices.com\/fr-ca\/#website","url":"https:\/\/procomservices.com\/fr-ca\/","name":"Procom","description":"","publisher":{"@id":"https:\/\/procomservices.com\/fr-ca\/#organization"},"potentialAction":[{"@type":"SearchAction","target":{"@type":"EntryPoint","urlTemplate":"https:\/\/procomservices.com\/fr-ca\/?s={search_term_string}"},"query-input":{"@type":"PropertyValueSpecification","valueRequired":true,"valueName":"search_term_string"}}],"inLanguage":"fr-ca"},{"@type":"Organization","@id":"https:\/\/procomservices.com\/fr-ca\/#organization","name":"Procom","url":"https:\/\/procomservices.com\/fr-ca\/","logo":{"@type":"ImageObject","inLanguage":"fr-ca","@id":"https:\/\/procomservices.com\/fr-ca\/#\/schema\/logo\/image\/","url":"https:\/\/procomservices.com\/wp-content\/uploads\/2025\/09\/Procom_Logomark_CMYK@2x.jpg","contentUrl":"https:\/\/procomservices.com\/wp-content\/uploads\/2025\/09\/Procom_Logomark_CMYK@2x.jpg","width":1205,"height":807,"caption":"Procom"},"image":{"@id":"https:\/\/procomservices.com\/fr-ca\/#\/schema\/logo\/image\/"},"sameAs":["https:\/\/www.facebook.com\/ProcomConsultantsGroup\/","https:\/\/x.com\/Procom"]},{"@type":"Person","@id":"https:\/\/procomservices.com\/fr-ca\/#\/schema\/person\/2bce332c68bf16842df6b2b00efd189c","name":"Dylan.Fedy@Procomservices.com","image":{"@type":"ImageObject","inLanguage":"fr-ca","@id":"https:\/\/procomservices.com\/fr-ca\/#\/schema\/person\/image\/","url":"https:\/\/secure.gravatar.com\/avatar\/9d8bdb884bad794f1da0b4c86f3b2ea2d1c14732916592784f8af4d706e4bf64?s=96&d=mm&r=g","contentUrl":"https:\/\/secure.gravatar.com\/avatar\/9d8bdb884bad794f1da0b4c86f3b2ea2d1c14732916592784f8af4d706e4bf64?s=96&d=mm&r=g","caption":"Dylan.Fedy@Procomservices.com"}}]}},"_links":{"self":[{"href":"https:\/\/procomservices.com\/fr-ca\/wp-json\/wp\/v2\/posts\/7885","targetHints":{"allow":["GET"]}}],"collection":[{"href":"https:\/\/procomservices.com\/fr-ca\/wp-json\/wp\/v2\/posts"}],"about":[{"href":"https:\/\/procomservices.com\/fr-ca\/wp-json\/wp\/v2\/types\/post"}],"author":[{"embeddable":true,"href":"https:\/\/procomservices.com\/fr-ca\/wp-json\/wp\/v2\/users\/21"}],"replies":[{"embeddable":true,"href":"https:\/\/procomservices.com\/fr-ca\/wp-json\/wp\/v2\/comments?post=7885"}],"version-history":[{"count":3,"href":"https:\/\/procomservices.com\/fr-ca\/wp-json\/wp\/v2\/posts\/7885\/revisions"}],"predecessor-version":[{"id":22909,"href":"https:\/\/procomservices.com\/fr-ca\/wp-json\/wp\/v2\/posts\/7885\/revisions\/22909"}],"wp:featuredmedia":[{"embeddable":true,"href":"https:\/\/procomservices.com\/fr-ca\/wp-json\/wp\/v2\/media\/1481"}],"wp:attachment":[{"href":"https:\/\/procomservices.com\/fr-ca\/wp-json\/wp\/v2\/media?parent=7885"}],"wp:term":[{"taxonomy":"category","embeddable":true,"href":"https:\/\/procomservices.com\/fr-ca\/wp-json\/wp\/v2\/categories?post=7885"},{"taxonomy":"post_tag","embeddable":true,"href":"https:\/\/procomservices.com\/fr-ca\/wp-json\/wp\/v2\/tags?post=7885"}],"curies":[{"name":"wp","href":"https:\/\/api.w.org\/{rel}","templated":true}]}}