{"id":7887,"date":"2022-03-17T01:13:00","date_gmt":"2022-03-17T01:13:00","guid":{"rendered":"https:\/\/procomservices.com\/when-to-hire-contingent-worker-vs-full-time-employee\/"},"modified":"2025-11-19T18:52:10","modified_gmt":"2025-11-19T18:52:10","slug":"quand-embaucher-un-e-travailleur-euse-occasionnel-le-ou-un-e-employe-e-a-temps-plein","status":"publish","type":"post","link":"https:\/\/procomservices.com\/fr-ca\/insights\/quand-embaucher-un-e-travailleur-euse-occasionnel-le-ou-un-e-employe-e-a-temps-plein\/","title":{"rendered":"Quand embaucher un\u00b7e travailleur\u00b7euse occasionnel\u00b7le ou un\u00b7e employ\u00e9\u00b7e \u00e0 temps plein?"},"content":{"rendered":"\n<p class=\"wp-block-paragraph\">La tendance des effectifs occasionnels est \u00e0 la hausse depuis longtemps, stimul\u00e9e par l&#8217;expansion de l&#8217;\u00e9conomie des petits boulots et dynamis\u00e9e par la pand\u00e9mie et la Grande d\u00e9mission.<br><br>Presque tous les secteurs imaginables se sont tourn\u00e9s vers les <a href=\"https:\/\/www.procomservices.com\/en-us\/what-is-a-contingent-worker\">travailleur\u00b7euses occasionnel\u00b7les<\/a> pour faire face \u00e0 la p\u00e9nurie de main-d&#8217;\u0153uvre, et les ressources externes fournissent aujourd&#8217;hui de tout, depuis les services de livraison jusqu&#8217;aux solutions technologiques.<br><br>Selon une enqu\u00eate cit\u00e9e dans un r\u00e9cent <a href=\"https:\/\/www.forbes.com\/sites\/forbestechcouncil\/2021\/08\/06\/five-reasons-why-the-rapidly-expanding-contingent-workforce-is-a-c-suite-priority\/?sh=7f7fe0347506\">article de Forbes<\/a>, environ 80 % des entreprises am\u00e9ricaines pr\u00e9voient de d\u00e9velopper leurs effectifs occasionnels dans les ann\u00e9es \u00e0 venir; le m\u00eame rapport fait \u00e9tat d&#8217;une \u00e9tude compl\u00e9mentaire selon laquelle plus de 60 % des chefs d&#8217;entreprise consid\u00e8rent les contractuel\u00b7les ind\u00e9pendant\u00b7es comme un \u00e9l\u00e9ment essentiel de leur main-d&#8217;\u0153uvre.<br><\/p>\n\n\n\n<h2 class=\"wp-block-heading\">Pourquoi l&#8217;embauche de travailleur\u00b7euses occasionnel\u00b7les est-elle une strat\u00e9gie attrayante en mati\u00e8re de main-d&#8217;\u0153uvre?<\/h2>\n\n\n\n<p class=\"wp-block-paragraph\">Les organisations ont diff\u00e9rentes raisons d&#8217;int\u00e9grer des travailleur\u00b7euses occasionnel\u00b7les \u00e0 leur main-d&#8217;\u0153uvre globale. La flexibilit\u00e9 et la r\u00e9duction des co\u00fbts figurent parmi les principaux avantages de la collaboration avec des travailleur\u00b7euses occasionnel\u00b7les.<br><br>En outre, les travailleur\u00b7euses occasionnel\u00b7les apportent souvent aux entreprises des comp\u00e9tences sp\u00e9cialis\u00e9es que les membres de l&#8217;\u00e9quipe interne ne poss\u00e8dent pas et qui sont difficiles \u00e0 trouver.<br><br>Bien que ce type de mod\u00e8le d&#8217;engagement puisse b\u00e9n\u00e9ficier \u00e0 la fois aux entreprises et aux contractuel\u00b7les, l&#8217;int\u00e9gration des travailleur\u00b7euses occasionnel\u00b7les dans la main-d&#8217;\u0153uvre d&#8217;une entreprise n\u00e9cessite des pr\u00e9cautions. Des lois diff\u00e9rentes s&#8217;appliquent aux travailleur\u00b7euses occasionnel\u00b7les et aux employ\u00e9\u00b7es \u00e0 temps plein, et les employeurs doivent s&#8217;assurer de la classification correcte de leurs employ\u00e9\u00b7es et de leurs non-employ\u00e9\u00b7es, faute de quoi ils s&#8217;exposent \u00e0 divers risques.<br><\/p>\n\n\n\n<h2 class=\"wp-block-heading\">Quand embaucher un\u00b7e travailleur\u00b7euse occasionnel\u00b7le ou un\u00b7e employ\u00e9\u00b7e \u00e0 temps plein ?<\/h2>\n\n\n\n<p class=\"wp-block-paragraph\"><strong>Port\u00e9e du projet <\/strong><br>Avez-vous un projet particulier qui doit \u00eatre achev\u00e9 ou y a-t-il un besoin de travail continu? Les travailleur\u00b7euses occasionnel\u00b7les et leurs comp\u00e9tences hautement sp\u00e9cialis\u00e9es conviennent parfaitement aux projets. Une fois le projet achev\u00e9 et pay\u00e9, l&#8217;organisation peut continuer d&#8217;employer le\u00b7la travailleur\u00b7euse ou simplement mettre fin \u00e0 la mission sans autre obligation.<br><br><strong>Date de d\u00e9but du projet<\/strong><br>Vous avez besoin de passer rapidement \u00e0 l&#8217;action ou un travail important vous a soudainement \u00e9t\u00e9 confi\u00e9? Le processus d&#8217;acquisition de talents pour l&#8217;embauche d&#8217;un\u00b7e travailleur\u00b7euse \u00e0 temps plein prend en moyenne 27 jours ouvrables, et dans de nombreux cas, beaucoup plus longtemps. Pour qu&#8217;un employeur embauche un\u00b7e employ\u00e9\u00b7e \u00e0 temps plein, l&#8217;\u00e9quipe charg\u00e9e de l&#8217;embauche doit recruter, pr\u00e9s\u00e9lectionner et int\u00e9grer le\u00b7la nouveau\u00b7elle travailleur\u00b7euse. En revanche, le co\u00fbt d&#8217;acquisition d&#8217;un\u00b7e travailleur\u00b7euse occasionnel\u00b7le exp\u00e9riment\u00e9\u00b7e est moins \u00e9lev\u00e9, les frais administratifs sont moindres et les d\u00e9lais d&#8217;entr\u00e9e en service sont plus courts.<br><br><strong>Demande de services<\/strong><br>La demande de services de votre entreprise fluctue-t-elle? Un\u00b7e travailleur\u00b7euse occasionnel\u00b7le n&#8217;est pas li\u00e9\u00b7e par un contrat d&#8217;emploi, dont la dur\u00e9e est g\u00e9n\u00e9ralement ind\u00e9termin\u00e9e. En fait, les travailleur\u00b7euses occasionnel\u00b7les peuvent \u00eatre embauch\u00e9\u00b7es en fonction des besoins. En cas de hausse ou de baisse soudaine de la demande de services, le travail occasionnel peut \u00eatre adapt\u00e9 pour r\u00e9pondre \u00e0 ces diff\u00e9rents niveaux de demande.<br><br><strong>Comp\u00e9tences sp\u00e9cialis\u00e9es et lacunes en comp\u00e9tences<\/strong><br>Vous constatez des retards dans vos projets en raison d&#8217;une insuffisance de comp\u00e9tences au sein de vos \u00e9quipes internes? Vous avez un projet ou un travail \u00e0 r\u00e9aliser qui n\u00e9cessite un ensemble de comp\u00e9tences de niche? Un effectif externe est g\u00e9n\u00e9ralement compos\u00e9 de travailleur\u00b7euses tr\u00e8s talentueux\u00b7euses poss\u00e9dant un ensemble de comp\u00e9tences pr\u00e9cises, qui peuvent passer \u00e0 l&#8217;action rapidement et combler les lacunes en comp\u00e9tences de votre main-d&#8217;\u0153uvre existante.<br><br><strong>Co\u00fbt<\/strong><br>L&#8217;embauche \u00e0 temps plein peut s&#8217;av\u00e9rer tr\u00e8s co\u00fbteuse. Votre organisation peut-elle se permettre de payer les frais li\u00e9s \u00e0 une mauvaise embauche? Selon le minist\u00e8re du Travail des \u00c9tats-Unis, le co\u00fbt moyen d&#8217;une mauvaise embauche peut atteindre 30 % du salaire de la premi\u00e8re ann\u00e9e de l&#8217;employ\u00e9\u00b7e. Les co\u00fbts sont ventil\u00e9s en fonction de l&#8217;embauche, de la r\u00e9tention et de la r\u00e9mun\u00e9ration. L&#8217;un des principaux avantages de l&#8217;embauche de travailleur\u00b7euses occasionnel\u00b7les est la r\u00e9duction des co\u00fbts. En effet, <a href=\"https:\/\/www.gartner.com\/smarterwithgartner\/9-future-of-work-trends-post-covid-19\">34 % des chefs d&#8217;entreprise <\/a>pr\u00e9voient de remplacer des employ\u00e9\u00b7es \u00e0 temps plein par des talents plus flexibles et temporaires en 2022, afin de r\u00e9duire les co\u00fbts.<br><br>En outre, les employeurs ne sont pas tenus de r\u00e9mun\u00e9rer les travailleur\u00b7euses occasionnel\u00b7les pour les pauses ou un travail non productif. En r\u00e8gle g\u00e9n\u00e9rale, selon la mani\u00e8re dont le\u00b7la travailleur\u00b7euse occasionnel\u00b7le est embauch\u00e9\u00b7e (par un tiers ou recrut\u00e9\u00b7e directement par l&#8217;entreprise), ces travailleur\u00b7euses n&#8217;ont pas non plus droit aux m\u00eames types d&#8217;avantages que les employ\u00e9\u00b7es \u00e0 temps plein, comme les cong\u00e9s pay\u00e9s, les cong\u00e9s de maladie ou les jours de vacances. Le fait d&#8217;embaucher un\u00b7e travailleur\u00b7euse occasionnel\u00b7le pour un projet signifie que les clients ne le paient que le temps n\u00e9cessaire \u00e0 l&#8217;ex\u00e9cution du projet.<br><br>Fait int\u00e9ressant, bien que cela puisse aider les entreprises \u00e0 r\u00e9duire leurs co\u00fbts, il arrive souvent que les travailleur\u00b7euses occasionnel\u00b7les obtiennent des taux horaires plus \u00e9lev\u00e9s que leurs homologues employ\u00e9\u00b7es. Ainsi, m\u00eame si les contractuel\u00b7les ne b\u00e9n\u00e9ficient pas des m\u00eames avantages que les employ\u00e9\u00b7es, comme les vacances et les cong\u00e9s de maladie, le taux horaire ou journalier rend le travail contractuel attrayant.<br><\/p>\n\n\n\n<h2 class=\"wp-block-heading\">Autres facteurs \u00e0 prendre en compte lors de l&#8217;embauche d&#8217;un\u00b7e travailleur\u00b7euse occasionnel\u00b7le ou d&#8217;un\u00b7e employ\u00e9\u00b7e \u00e0 temps plein<\/h2>\n\n\n\n<p class=\"wp-block-paragraph\"><strong>D\u00e9termination et att\u00e9nuation des risques <\/strong><br>L&#8217;embauche de travailleur\u00b7euses occasionnel\u00b7les s&#8217;accompagne \u00e9galement d&#8217;une s\u00e9rie de consid\u00e9rations financi\u00e8res, juridiques et fiscales. Il est essentiel de veiller \u00e0 la conformit\u00e9 pour \u00e9viter les amendes et les p\u00e9nalit\u00e9s \u00e9lev\u00e9es, ainsi que les dommages caus\u00e9s \u00e0 la marque employeur d&#8217;une organisation. <br><br>L&#8217;embauche d&#8217;employ\u00e9\u00b7es comporte elle aussi son lot de risques, car les employeurs ont g\u00e9n\u00e9ralement plus d&#8217;obligations envers leurs employ\u00e9\u00b7es qu&#8217;envers les contractuel\u00b7les ind\u00e9pendant\u00b7es. Il est essentiel de conna\u00eetre les diff\u00e9rences entre ces diff\u00e9rentes relations et les risques qui y sont associ\u00e9s. <br><br>Les agences de dotation en personnel peuvent g\u00e9n\u00e9ralement aider les organisations \u00e0 d\u00e9terminer et \u00e0 g\u00e9rer les risques li\u00e9s \u00e0 leurs ressources externes. Il peut donc \u00eatre utile de parler \u00e0 un\u00b7e conseiller\u00b7\u00e8re pour comprendre comment g\u00e9rer au mieux votre main-d&#8217;\u0153uvre non employ\u00e9e. <br> <br><strong>R\u00e9tention des talents <br><\/strong>Il est tout aussi important de<a href=\"https:\/\/www.procomservices.com\/hiring-tips\/how-to-increase-retention-through-the-great-resignation\"> retenir les talents dans le contexte de la Grande d\u00e9mission <\/a>que d&#8217;en recruter de nouveaux. Comme l&#8217;indique un r\u00e9cent <a href=\"https:\/\/hbr.org\/2021\/09\/are-you-too-loyal-to-your-organization\">article publi\u00e9 dans la Harvard Business Review,<\/a> les travailleur\u00b7euses \u00e0 temps plein favorisent \u00e9galement la loyaut\u00e9, une caract\u00e9ristique essentielle pour les organisations, et ce \u00e0 plusieurs \u00e9gards. En effet, la loyaut\u00e9 des employ\u00e9\u00b7es est importante pour les entreprises, et les travailleur\u00b7euses \u00e0 temps plein qui restent dans une organisation pendant une longue p\u00e9riode suscitent la loyaut\u00e9 de leurs coll\u00e8gues de travail. Cette loyaut\u00e9 est \u00e0 son tour attrayante pour les candidat\u00b7es qui sont en qu\u00eate d&#8217;un poste stable et \u00e0 temps plein.<br><br><strong>Propri\u00e9t\u00e9 intellectuelle et expertise interne<\/strong><br>Trouver un \u00e9quilibre entre les contractuel\u00b7les et les employ\u00e9\u00b7es permanent\u00b7es vous aidera \u00e0 pr\u00e9server la propri\u00e9t\u00e9 intellectuelle et la connaissance des meilleures pratiques au sein de votre organisation. Chaque organisation doit r\u00e9fl\u00e9chir \u00e0 la mani\u00e8re dont elle peut mettre en place et g\u00e9rer des syst\u00e8mes pour faciliter sa croissance, et l&#8217;une des raisons pour lesquelles le recrutement d&#8217;un\u00b7e employ\u00e9\u00b7e pour un poste particulier peut \u00eatre envisag\u00e9 est que ce poste est li\u00e9 \u00e0 l&#8217;acquisition de connaissances \u00e0 long terme au sein de l&#8217;organisation.<br><br>En revanche, les travailleur\u00b7euses occasionnel\u00b7les apportent d&#8217;immenses connaissances aux organisations, mais n&#8217;y restent pas aussi longtemps. Cela signifie que le d\u00e9fi pour les entreprises consiste \u00e0 mettre en place une structure et une capacit\u00e9 permettant d&#8217;absorber et de conserver l&#8217;information, et de la transformer en connaissances exclusives.<br><\/p>\n\n\n\n<h3 class=\"wp-block-heading\">Il n&#8217;existe pas d&#8217;approche unique<\/h3>\n\n\n\n<p class=\"wp-block-paragraph\">Il n&#8217;existe pas d&#8217;approche unique pour \u00e9quilibrer les employ\u00e9\u00b7es \u00e0 temps plein et les travailleur\u00b7euses occasionnel\u00b7les au sein de l&#8217;effectif d&#8217;une entreprise. Toutefois, certaines consid\u00e9rations importantes peuvent orienter une entreprise vers un \u00e9quilibre optimal entre des employ\u00e9\u00b7es fid\u00e8les et des travailleur\u00b7euses occasionnel\u00b7les sp\u00e9cialis\u00e9\u00b7es, capables de contribuer \u00e0 la r\u00e9alisation de projets essentiels au sein de l&#8217;organisation.<br><\/p>\n\n\n\n        <style>\n            [data-hsfc-id=Renderer] .hsfc-Step .hsfc-Step__Content {\n                padding-top: 0;\n            }\n            [data-hsfc-id=Renderer] .hsfc-PostSubmit .hsfc-RichText {\n                display: block;\n            }\n\t\t\t.content-single .hs-form-html .hsfc-RichText span {\n            \tcolor: #fff;\n            }\n            #form-heading {\n                background-image: linear-gradient(to left, rgb(0, 92, 185), rgb(0, 23, 46));\n                margin-bottom: 0;\n                font-weight: 700;\n\t\t\t\tfont-size: 42px !important;\n                line-height: 50.4px;\n                color: #fff;\n                text-align: center;\n\n                padding-top: 40px;\n\t\t\t\tpadding-left: 40px;\n\t\t\t\tpadding-right: 40px;\n            }\n\t\t\t#form-heading +div{\n\t\t\t\tmargin-top: 0px;\n\t\t\t}\n\t\t\t:root :where(.is-layout-flow.no-marg-t) > * {\n\t\t\t\tmargin-top: 0 !important;\n\t\t\t}\n\t\t\t.wp-block-group.hs-form-group {\n\t\t\t\tdisplay: block;\n\t\t\t}\n\t\t\t.wp-block-group.hs-form-group.is-visible {\n\t\t\t\tdisplay: block;\n\t\t\t}\n        <\/style>\n\n        <div class=\"\" id=\"form-heading\">\n            Pr\u00eat \u00e0 vous connecter ?        <\/div>\n\n        <script \n            src=\"https:\/\/js.hsforms.net\/forms\/embed\/developer\/3013010.js\"\n            defer>\n        <\/script>\n\n        <div class=\"hs-form-html 3b73dba1-c657-4b7a-9e28-e7a79eefc625\"\n             data-region=\"na1\"\n             data-form-id=\"3b73dba1-c657-4b7a-9e28-e7a79eefc625\"\n             data-portal-id=\"3013010\">\n        <\/div>\n\n\t\t\n        \n","protected":false},"excerpt":{"rendered":"<p>La tendance des effectifs occasionnels est \u00e0 la hausse depuis longtemps, stimul\u00e9e par l&#8217;expansion de l&#8217;\u00e9conomie des petits boulots et dynamis\u00e9e par la pand\u00e9mie et la Grande d\u00e9mission. Presque tous les secteurs imaginables se sont tourn\u00e9s vers les travailleur\u00b7euses occasionnel\u00b7les pour faire face \u00e0 la p\u00e9nurie de main-d&#8217;\u0153uvre, et les ressources externes fournissent aujourd&#8217;hui de&#8230;<\/p>\n","protected":false},"author":21,"featured_media":1446,"comment_status":"closed","ping_status":"closed","sticky":false,"template":"","format":"standard","meta":{"_acf_changed":false,"_crdt_document":"","inline_featured_image":false,"footnotes":""},"categories":[1037],"tags":[1050],"class_list":["post-7887","post","type-post","status-publish","format-standard","has-post-thumbnail","hentry","category-ressources-externes"],"acf":[],"yoast_head":"<!-- This site is optimized with the Yoast SEO plugin v27.1.1 - https:\/\/yoast.com\/product\/yoast-seo-wordpress\/ -->\n<title>Quand embaucher un\u00b7e travailleur\u00b7euse occasionnel\u00b7le ou un\u00b7e employ\u00e9\u00b7e \u00e0 temps plein? - Procom<\/title>\n<meta name=\"description\" content=\"La tendance des effectifs occasionnels est \u00e0 la hausse depuis longtemps, stimul\u00e9e par l&#039;expansion de l&#039;\u00e9conomie des petits boulots et dynamis\u00e9e par la\" \/>\n<meta name=\"robots\" content=\"index, follow, max-snippet:-1, max-image-preview:large, max-video-preview:-1\" \/>\n<link rel=\"canonical\" href=\"https:\/\/procomservices.com\/fr-ca\/insights\/quand-embaucher-un-e-travailleur-euse-occasionnel-le-ou-un-e-employe-e-a-temps-plein\/\" \/>\n<meta property=\"og:locale\" content=\"fr_CA\" \/>\n<meta property=\"og:type\" content=\"article\" \/>\n<meta property=\"og:title\" content=\"Quand embaucher un\u00b7e travailleur\u00b7euse occasionnel\u00b7le ou un\u00b7e employ\u00e9\u00b7e \u00e0 temps plein? - Procom\" \/>\n<meta property=\"og:description\" content=\"La tendance des effectifs occasionnels est \u00e0 la hausse depuis longtemps, stimul\u00e9e par l&#039;expansion de l&#039;\u00e9conomie des petits boulots et dynamis\u00e9e par la\" \/>\n<meta property=\"og:url\" content=\"https:\/\/procomservices.com\/fr-ca\/insights\/quand-embaucher-un-e-travailleur-euse-occasionnel-le-ou-un-e-employe-e-a-temps-plein\/\" \/>\n<meta property=\"og:site_name\" content=\"Procom\" \/>\n<meta property=\"article:publisher\" content=\"https:\/\/www.facebook.com\/ProcomConsultantsGroup\/\" \/>\n<meta property=\"article:published_time\" content=\"2022-03-17T01:13:00+00:00\" \/>\n<meta property=\"article:modified_time\" content=\"2025-11-19T18:52:10+00:00\" \/>\n<meta property=\"og:image\" content=\"https:\/\/procomservices.com\/wp-content\/uploads\/2025\/06\/Lucas.jpg\" \/>\n\t<meta property=\"og:image:width\" content=\"1200\" \/>\n\t<meta property=\"og:image:height\" content=\"627\" \/>\n\t<meta property=\"og:image:type\" content=\"image\/jpeg\" \/>\n<meta name=\"author\" content=\"Dylan.Fedy@Procomservices.com\" \/>\n<meta name=\"twitter:card\" content=\"summary_large_image\" \/>\n<meta name=\"twitter:creator\" content=\"@Procom\" \/>\n<meta name=\"twitter:site\" content=\"@Procom\" \/>\n<meta name=\"twitter:label1\" content=\"Written by\" \/>\n\t<meta name=\"twitter:data1\" content=\"Dylan.Fedy@Procomservices.com\" \/>\n\t<meta name=\"twitter:label2\" content=\"Est. reading time\" \/>\n\t<meta name=\"twitter:data2\" content=\"8 minutes\" \/>\n<script type=\"application\/ld+json\" class=\"yoast-schema-graph\">{\"@context\":\"https:\/\/schema.org\",\"@graph\":[{\"@type\":\"Article\",\"@id\":\"https:\/\/procomservices.com\/fr-ca\/insights\/quand-embaucher-un-e-travailleur-euse-occasionnel-le-ou-un-e-employe-e-a-temps-plein\/#article\",\"isPartOf\":{\"@id\":\"https:\/\/procomservices.com\/fr-ca\/insights\/quand-embaucher-un-e-travailleur-euse-occasionnel-le-ou-un-e-employe-e-a-temps-plein\/\"},\"author\":{\"name\":\"Dylan.Fedy@Procomservices.com\",\"@id\":\"https:\/\/procomservices.com\/fr-ca\/#\/schema\/person\/2bce332c68bf16842df6b2b00efd189c\"},\"headline\":\"Quand embaucher un\u00b7e travailleur\u00b7euse occasionnel\u00b7le ou un\u00b7e employ\u00e9\u00b7e \u00e0 temps plein?\",\"datePublished\":\"2022-03-17T01:13:00+00:00\",\"dateModified\":\"2025-11-19T18:52:10+00:00\",\"mainEntityOfPage\":{\"@id\":\"https:\/\/procomservices.com\/fr-ca\/insights\/quand-embaucher-un-e-travailleur-euse-occasionnel-le-ou-un-e-employe-e-a-temps-plein\/\"},\"wordCount\":1575,\"publisher\":{\"@id\":\"https:\/\/procomservices.com\/fr-ca\/#organization\"},\"image\":{\"@id\":\"https:\/\/procomservices.com\/fr-ca\/insights\/quand-embaucher-un-e-travailleur-euse-occasionnel-le-ou-un-e-employe-e-a-temps-plein\/#primaryimage\"},\"thumbnailUrl\":\"https:\/\/procomservices.com\/wp-content\/uploads\/2025\/06\/Lucas.jpg\",\"keywords\":[\"Ressources externes\"],\"articleSection\":[\"Ressources externes\"],\"inLanguage\":\"fr-ca\"},{\"@type\":\"WebPage\",\"@id\":\"https:\/\/procomservices.com\/fr-ca\/insights\/quand-embaucher-un-e-travailleur-euse-occasionnel-le-ou-un-e-employe-e-a-temps-plein\/\",\"url\":\"https:\/\/procomservices.com\/fr-ca\/insights\/quand-embaucher-un-e-travailleur-euse-occasionnel-le-ou-un-e-employe-e-a-temps-plein\/\",\"name\":\"Quand embaucher un\u00b7e travailleur\u00b7euse occasionnel\u00b7le ou un\u00b7e employ\u00e9\u00b7e \u00e0 temps plein? - Procom\",\"isPartOf\":{\"@id\":\"https:\/\/procomservices.com\/fr-ca\/#website\"},\"primaryImageOfPage\":{\"@id\":\"https:\/\/procomservices.com\/fr-ca\/insights\/quand-embaucher-un-e-travailleur-euse-occasionnel-le-ou-un-e-employe-e-a-temps-plein\/#primaryimage\"},\"image\":{\"@id\":\"https:\/\/procomservices.com\/fr-ca\/insights\/quand-embaucher-un-e-travailleur-euse-occasionnel-le-ou-un-e-employe-e-a-temps-plein\/#primaryimage\"},\"thumbnailUrl\":\"https:\/\/procomservices.com\/wp-content\/uploads\/2025\/06\/Lucas.jpg\",\"datePublished\":\"2022-03-17T01:13:00+00:00\",\"dateModified\":\"2025-11-19T18:52:10+00:00\",\"description\":\"La tendance des effectifs occasionnels est \u00e0 la hausse depuis longtemps, stimul\u00e9e par l'expansion de l'\u00e9conomie des petits boulots et dynamis\u00e9e par la\",\"breadcrumb\":{\"@id\":\"https:\/\/procomservices.com\/fr-ca\/insights\/quand-embaucher-un-e-travailleur-euse-occasionnel-le-ou-un-e-employe-e-a-temps-plein\/#breadcrumb\"},\"inLanguage\":\"fr-ca\",\"potentialAction\":[{\"@type\":\"ReadAction\",\"target\":[\"https:\/\/procomservices.com\/fr-ca\/insights\/quand-embaucher-un-e-travailleur-euse-occasionnel-le-ou-un-e-employe-e-a-temps-plein\/\"]}]},{\"@type\":\"ImageObject\",\"inLanguage\":\"fr-ca\",\"@id\":\"https:\/\/procomservices.com\/fr-ca\/insights\/quand-embaucher-un-e-travailleur-euse-occasionnel-le-ou-un-e-employe-e-a-temps-plein\/#primaryimage\",\"url\":\"https:\/\/procomservices.com\/wp-content\/uploads\/2025\/06\/Lucas.jpg\",\"contentUrl\":\"https:\/\/procomservices.com\/wp-content\/uploads\/2025\/06\/Lucas.jpg\",\"width\":1200,\"height\":627},{\"@type\":\"BreadcrumbList\",\"@id\":\"https:\/\/procomservices.com\/fr-ca\/insights\/quand-embaucher-un-e-travailleur-euse-occasionnel-le-ou-un-e-employe-e-a-temps-plein\/#breadcrumb\",\"itemListElement\":[{\"@type\":\"ListItem\",\"position\":1,\"name\":\"Home\",\"item\":\"https:\/\/procomservices.com\/fr-ca\/\"},{\"@type\":\"ListItem\",\"position\":2,\"name\":\"Quand embaucher un\u00b7e travailleur\u00b7euse occasionnel\u00b7le ou un\u00b7e employ\u00e9\u00b7e \u00e0 temps plein?\"}]},{\"@type\":\"WebSite\",\"@id\":\"https:\/\/procomservices.com\/fr-ca\/#website\",\"url\":\"https:\/\/procomservices.com\/fr-ca\/\",\"name\":\"Procom\",\"description\":\"\",\"publisher\":{\"@id\":\"https:\/\/procomservices.com\/fr-ca\/#organization\"},\"potentialAction\":[{\"@type\":\"SearchAction\",\"target\":{\"@type\":\"EntryPoint\",\"urlTemplate\":\"https:\/\/procomservices.com\/fr-ca\/?s={search_term_string}\"},\"query-input\":{\"@type\":\"PropertyValueSpecification\",\"valueRequired\":true,\"valueName\":\"search_term_string\"}}],\"inLanguage\":\"fr-ca\"},{\"@type\":\"Organization\",\"@id\":\"https:\/\/procomservices.com\/fr-ca\/#organization\",\"name\":\"Procom\",\"url\":\"https:\/\/procomservices.com\/fr-ca\/\",\"logo\":{\"@type\":\"ImageObject\",\"inLanguage\":\"fr-ca\",\"@id\":\"https:\/\/procomservices.com\/fr-ca\/#\/schema\/logo\/image\/\",\"url\":\"https:\/\/procomservices.com\/wp-content\/uploads\/2025\/09\/Procom_Logomark_CMYK@2x.jpg\",\"contentUrl\":\"https:\/\/procomservices.com\/wp-content\/uploads\/2025\/09\/Procom_Logomark_CMYK@2x.jpg\",\"width\":1205,\"height\":807,\"caption\":\"Procom\"},\"image\":{\"@id\":\"https:\/\/procomservices.com\/fr-ca\/#\/schema\/logo\/image\/\"},\"sameAs\":[\"https:\/\/www.facebook.com\/ProcomConsultantsGroup\/\",\"https:\/\/x.com\/Procom\"]},{\"@type\":\"Person\",\"@id\":\"https:\/\/procomservices.com\/fr-ca\/#\/schema\/person\/2bce332c68bf16842df6b2b00efd189c\",\"name\":\"Dylan.Fedy@Procomservices.com\",\"image\":{\"@type\":\"ImageObject\",\"inLanguage\":\"fr-ca\",\"@id\":\"https:\/\/procomservices.com\/fr-ca\/#\/schema\/person\/image\/\",\"url\":\"https:\/\/secure.gravatar.com\/avatar\/9d8bdb884bad794f1da0b4c86f3b2ea2d1c14732916592784f8af4d706e4bf64?s=96&d=mm&r=g\",\"contentUrl\":\"https:\/\/secure.gravatar.com\/avatar\/9d8bdb884bad794f1da0b4c86f3b2ea2d1c14732916592784f8af4d706e4bf64?s=96&d=mm&r=g\",\"caption\":\"Dylan.Fedy@Procomservices.com\"}}]}<\/script>\n<!-- \/ Yoast SEO plugin. -->","yoast_head_json":{"title":"Quand embaucher un\u00b7e travailleur\u00b7euse occasionnel\u00b7le ou un\u00b7e employ\u00e9\u00b7e \u00e0 temps plein? - Procom","description":"La tendance des effectifs occasionnels est \u00e0 la hausse depuis longtemps, stimul\u00e9e par l'expansion de l'\u00e9conomie des petits boulots et dynamis\u00e9e par la","robots":{"index":"index","follow":"follow","max-snippet":"max-snippet:-1","max-image-preview":"max-image-preview:large","max-video-preview":"max-video-preview:-1"},"canonical":"https:\/\/procomservices.com\/fr-ca\/insights\/quand-embaucher-un-e-travailleur-euse-occasionnel-le-ou-un-e-employe-e-a-temps-plein\/","og_locale":"fr_CA","og_type":"article","og_title":"Quand embaucher un\u00b7e travailleur\u00b7euse occasionnel\u00b7le ou un\u00b7e employ\u00e9\u00b7e \u00e0 temps plein? - Procom","og_description":"La tendance des effectifs occasionnels est \u00e0 la hausse depuis longtemps, stimul\u00e9e par l'expansion de l'\u00e9conomie des petits boulots et dynamis\u00e9e par la","og_url":"https:\/\/procomservices.com\/fr-ca\/insights\/quand-embaucher-un-e-travailleur-euse-occasionnel-le-ou-un-e-employe-e-a-temps-plein\/","og_site_name":"Procom","article_publisher":"https:\/\/www.facebook.com\/ProcomConsultantsGroup\/","article_published_time":"2022-03-17T01:13:00+00:00","article_modified_time":"2025-11-19T18:52:10+00:00","og_image":[{"width":1200,"height":627,"url":"https:\/\/procomservices.com\/wp-content\/uploads\/2025\/06\/Lucas.jpg","type":"image\/jpeg"}],"author":"Dylan.Fedy@Procomservices.com","twitter_card":"summary_large_image","twitter_creator":"@Procom","twitter_site":"@Procom","twitter_misc":{"Written by":"Dylan.Fedy@Procomservices.com","Est. reading time":"8 minutes"},"schema":{"@context":"https:\/\/schema.org","@graph":[{"@type":"Article","@id":"https:\/\/procomservices.com\/fr-ca\/insights\/quand-embaucher-un-e-travailleur-euse-occasionnel-le-ou-un-e-employe-e-a-temps-plein\/#article","isPartOf":{"@id":"https:\/\/procomservices.com\/fr-ca\/insights\/quand-embaucher-un-e-travailleur-euse-occasionnel-le-ou-un-e-employe-e-a-temps-plein\/"},"author":{"name":"Dylan.Fedy@Procomservices.com","@id":"https:\/\/procomservices.com\/fr-ca\/#\/schema\/person\/2bce332c68bf16842df6b2b00efd189c"},"headline":"Quand embaucher un\u00b7e travailleur\u00b7euse occasionnel\u00b7le ou un\u00b7e employ\u00e9\u00b7e \u00e0 temps plein?","datePublished":"2022-03-17T01:13:00+00:00","dateModified":"2025-11-19T18:52:10+00:00","mainEntityOfPage":{"@id":"https:\/\/procomservices.com\/fr-ca\/insights\/quand-embaucher-un-e-travailleur-euse-occasionnel-le-ou-un-e-employe-e-a-temps-plein\/"},"wordCount":1575,"publisher":{"@id":"https:\/\/procomservices.com\/fr-ca\/#organization"},"image":{"@id":"https:\/\/procomservices.com\/fr-ca\/insights\/quand-embaucher-un-e-travailleur-euse-occasionnel-le-ou-un-e-employe-e-a-temps-plein\/#primaryimage"},"thumbnailUrl":"https:\/\/procomservices.com\/wp-content\/uploads\/2025\/06\/Lucas.jpg","keywords":["Ressources externes"],"articleSection":["Ressources externes"],"inLanguage":"fr-ca"},{"@type":"WebPage","@id":"https:\/\/procomservices.com\/fr-ca\/insights\/quand-embaucher-un-e-travailleur-euse-occasionnel-le-ou-un-e-employe-e-a-temps-plein\/","url":"https:\/\/procomservices.com\/fr-ca\/insights\/quand-embaucher-un-e-travailleur-euse-occasionnel-le-ou-un-e-employe-e-a-temps-plein\/","name":"Quand embaucher un\u00b7e travailleur\u00b7euse occasionnel\u00b7le ou un\u00b7e employ\u00e9\u00b7e \u00e0 temps plein? - Procom","isPartOf":{"@id":"https:\/\/procomservices.com\/fr-ca\/#website"},"primaryImageOfPage":{"@id":"https:\/\/procomservices.com\/fr-ca\/insights\/quand-embaucher-un-e-travailleur-euse-occasionnel-le-ou-un-e-employe-e-a-temps-plein\/#primaryimage"},"image":{"@id":"https:\/\/procomservices.com\/fr-ca\/insights\/quand-embaucher-un-e-travailleur-euse-occasionnel-le-ou-un-e-employe-e-a-temps-plein\/#primaryimage"},"thumbnailUrl":"https:\/\/procomservices.com\/wp-content\/uploads\/2025\/06\/Lucas.jpg","datePublished":"2022-03-17T01:13:00+00:00","dateModified":"2025-11-19T18:52:10+00:00","description":"La tendance des effectifs occasionnels est \u00e0 la hausse depuis longtemps, stimul\u00e9e par l'expansion de l'\u00e9conomie des petits boulots et dynamis\u00e9e par la","breadcrumb":{"@id":"https:\/\/procomservices.com\/fr-ca\/insights\/quand-embaucher-un-e-travailleur-euse-occasionnel-le-ou-un-e-employe-e-a-temps-plein\/#breadcrumb"},"inLanguage":"fr-ca","potentialAction":[{"@type":"ReadAction","target":["https:\/\/procomservices.com\/fr-ca\/insights\/quand-embaucher-un-e-travailleur-euse-occasionnel-le-ou-un-e-employe-e-a-temps-plein\/"]}]},{"@type":"ImageObject","inLanguage":"fr-ca","@id":"https:\/\/procomservices.com\/fr-ca\/insights\/quand-embaucher-un-e-travailleur-euse-occasionnel-le-ou-un-e-employe-e-a-temps-plein\/#primaryimage","url":"https:\/\/procomservices.com\/wp-content\/uploads\/2025\/06\/Lucas.jpg","contentUrl":"https:\/\/procomservices.com\/wp-content\/uploads\/2025\/06\/Lucas.jpg","width":1200,"height":627},{"@type":"BreadcrumbList","@id":"https:\/\/procomservices.com\/fr-ca\/insights\/quand-embaucher-un-e-travailleur-euse-occasionnel-le-ou-un-e-employe-e-a-temps-plein\/#breadcrumb","itemListElement":[{"@type":"ListItem","position":1,"name":"Home","item":"https:\/\/procomservices.com\/fr-ca\/"},{"@type":"ListItem","position":2,"name":"Quand embaucher un\u00b7e travailleur\u00b7euse occasionnel\u00b7le ou un\u00b7e employ\u00e9\u00b7e \u00e0 temps plein?"}]},{"@type":"WebSite","@id":"https:\/\/procomservices.com\/fr-ca\/#website","url":"https:\/\/procomservices.com\/fr-ca\/","name":"Procom","description":"","publisher":{"@id":"https:\/\/procomservices.com\/fr-ca\/#organization"},"potentialAction":[{"@type":"SearchAction","target":{"@type":"EntryPoint","urlTemplate":"https:\/\/procomservices.com\/fr-ca\/?s={search_term_string}"},"query-input":{"@type":"PropertyValueSpecification","valueRequired":true,"valueName":"search_term_string"}}],"inLanguage":"fr-ca"},{"@type":"Organization","@id":"https:\/\/procomservices.com\/fr-ca\/#organization","name":"Procom","url":"https:\/\/procomservices.com\/fr-ca\/","logo":{"@type":"ImageObject","inLanguage":"fr-ca","@id":"https:\/\/procomservices.com\/fr-ca\/#\/schema\/logo\/image\/","url":"https:\/\/procomservices.com\/wp-content\/uploads\/2025\/09\/Procom_Logomark_CMYK@2x.jpg","contentUrl":"https:\/\/procomservices.com\/wp-content\/uploads\/2025\/09\/Procom_Logomark_CMYK@2x.jpg","width":1205,"height":807,"caption":"Procom"},"image":{"@id":"https:\/\/procomservices.com\/fr-ca\/#\/schema\/logo\/image\/"},"sameAs":["https:\/\/www.facebook.com\/ProcomConsultantsGroup\/","https:\/\/x.com\/Procom"]},{"@type":"Person","@id":"https:\/\/procomservices.com\/fr-ca\/#\/schema\/person\/2bce332c68bf16842df6b2b00efd189c","name":"Dylan.Fedy@Procomservices.com","image":{"@type":"ImageObject","inLanguage":"fr-ca","@id":"https:\/\/procomservices.com\/fr-ca\/#\/schema\/person\/image\/","url":"https:\/\/secure.gravatar.com\/avatar\/9d8bdb884bad794f1da0b4c86f3b2ea2d1c14732916592784f8af4d706e4bf64?s=96&d=mm&r=g","contentUrl":"https:\/\/secure.gravatar.com\/avatar\/9d8bdb884bad794f1da0b4c86f3b2ea2d1c14732916592784f8af4d706e4bf64?s=96&d=mm&r=g","caption":"Dylan.Fedy@Procomservices.com"}}]}},"_links":{"self":[{"href":"https:\/\/procomservices.com\/fr-ca\/wp-json\/wp\/v2\/posts\/7887","targetHints":{"allow":["GET"]}}],"collection":[{"href":"https:\/\/procomservices.com\/fr-ca\/wp-json\/wp\/v2\/posts"}],"about":[{"href":"https:\/\/procomservices.com\/fr-ca\/wp-json\/wp\/v2\/types\/post"}],"author":[{"embeddable":true,"href":"https:\/\/procomservices.com\/fr-ca\/wp-json\/wp\/v2\/users\/21"}],"replies":[{"embeddable":true,"href":"https:\/\/procomservices.com\/fr-ca\/wp-json\/wp\/v2\/comments?post=7887"}],"version-history":[{"count":5,"href":"https:\/\/procomservices.com\/fr-ca\/wp-json\/wp\/v2\/posts\/7887\/revisions"}],"predecessor-version":[{"id":22898,"href":"https:\/\/procomservices.com\/fr-ca\/wp-json\/wp\/v2\/posts\/7887\/revisions\/22898"}],"wp:featuredmedia":[{"embeddable":true,"href":"https:\/\/procomservices.com\/fr-ca\/wp-json\/wp\/v2\/media\/1446"}],"wp:attachment":[{"href":"https:\/\/procomservices.com\/fr-ca\/wp-json\/wp\/v2\/media?parent=7887"}],"wp:term":[{"taxonomy":"category","embeddable":true,"href":"https:\/\/procomservices.com\/fr-ca\/wp-json\/wp\/v2\/categories?post=7887"},{"taxonomy":"post_tag","embeddable":true,"href":"https:\/\/procomservices.com\/fr-ca\/wp-json\/wp\/v2\/tags?post=7887"}],"curies":[{"name":"wp","href":"https:\/\/api.w.org\/{rel}","templated":true}]}}