{"id":7898,"date":"2019-08-23T12:18:00","date_gmt":"2019-08-23T12:18:00","guid":{"rendered":"https:\/\/procomservices.com\/staffing-agency-fashion-tips\/"},"modified":"2025-11-20T14:59:24","modified_gmt":"2025-11-20T14:59:24","slug":"comment-shabiller-pour-un-entretien-dembauche","status":"publish","type":"post","link":"https:\/\/procomservices.com\/fr-ca\/insights\/comment-shabiller-pour-un-entretien-dembauche\/","title":{"rendered":"Comment s&#8217;habiller pour un entretien d&#8217;embauche"},"content":{"rendered":"\n<p class=\"wp-block-paragraph\">33 % des responsables du recrutement admettent rejeter mentalement des candidats dans les 90 premi\u00e8res secondes de leur rencontre, et leur d\u00e9cision ne d\u00e9pend pas de leur exp\u00e9rience ou de leurs qualifications.<\/p>\n\n\n\n<p class=\"wp-block-paragraph\">Le CV est la premi\u00e8re impression professionnelle d&#8217;un demandeur d&#8217;emploi ; cependant, la fa\u00e7on dont les candidats se pr\u00e9sentent lors du premier entretien en personne influe sur leurs chances d&#8217;obtenir un second entretien &#8211; et 55 % d&#8217;entre eux seront \u00e9cart\u00e9s au cours de cette premi\u00e8re minute et demie en raison de leur tenue vestimentaire, de leur comportement et de leur fa\u00e7on de franchir le seuil de la porte.<\/p>\n\n\n\n<p class=\"wp-block-paragraph\">En outre, 65 % des responsables du recrutement pr\u00e9cisent que la mode peut \u00eatre un facteur d\u00e9cisif entre deux candidats presque identiques.<\/p>\n\n\n\n<p class=\"wp-block-paragraph\">Lorsque vous \u00eates invit\u00e9 \u00e0 un entretien, voici comment vous habiller de mani\u00e8re professionnelle.<\/p>\n\n\n\n<!--more-->\n\n\n\n<h2 class=\"wp-block-heading\">Cheveux<\/h2>\n\n\n\n<p class=\"wp-block-paragraph\">Il est tentant de consid\u00e9rer un entretien comme une occasion tr\u00e8s formelle, et c&#8217;est un \u00e9v\u00e9nement important ; cependant, lorsqu&#8217;il s&#8217;agit de vos cheveux, les coiffures fantaisistes sont \u00e0 proscrire. &#8220;Il ne faut pas en faire trop&#8221;, conseille Christa Mancino, gestionnaire de comptes chez Procom. &#8220;Vous devez \u00e9viter de vous faire faire un brushing ou une coiffure de mariage avant votre entretien. Vous ne voulez pas que vos cheveux ressemblent \u00e0 quelque chose que vous n&#8217;avez pas fait ou que vous n&#8217;avez pas pu faire vous-m\u00eame, car cela pourrait rendre votre interlocuteur sceptique quant \u00e0 vos capacit\u00e9s r\u00e9elles&#8221;.<\/p>\n\n\n\n<p class=\"wp-block-paragraph\">Vos cheveux ne doivent pas \u00eatre une distraction, mais ils doivent \u00eatre propres, bross\u00e9s, sans frisottis et \u00e9loign\u00e9s de votre visage ou attach\u00e9s dans un style simple. Si vous pr\u00e9f\u00e9rez une coupe courte et simple, assurez-vous que vos cheveux soient bross\u00e9s et coiff\u00e9s avec un minimum de gel.<\/p>\n\n\n\n<h2 class=\"wp-block-heading\">Maquillage<\/h2>\n\n\n\n<p class=\"wp-block-paragraph\">Votre visage est sans aucun doute une repr\u00e9sentation au monde, mais laissez les traits \u00e9pais pour les loisirs. &#8220;Vous devriez porter un maquillage l\u00e9ger. Cela signifie que s&#8217;il est tr\u00e8s visible, c&#8217;est qu&#8217;il est trop audacieux&#8221;, d\u00e9clare Val\u00e9rie Anderson, recruteuse technique chez Procom.<\/p>\n\n\n\n<p class=\"wp-block-paragraph\">Les tons et les couleurs de votre maquillage doivent \u00eatre aussi neutres et naturels que possible, donc optez pour une application subtile et un aspect frais. Vous voulez vous sentir confiante, mais il est toujours bon de garder \u00e0 l&#8217;esprit le professionnalisme de l&#8217;environnement.<\/p>\n\n\n\n<p class=\"wp-block-paragraph\">Le vernis \u00e0 ongles doit \u00eatre appliqu\u00e9 proprement, sans \u00e9clats visibles, et id\u00e9alement, de couleur neutre.<\/p>\n\n\n\n<h2 class=\"wp-block-heading\">V\u00eatements<\/h2>\n\n\n\n<p class=\"wp-block-paragraph\">70 % des responsables du recrutement admettent rejeter des candidats en raison de leur habillement.<\/p>\n\n\n\n<p class=\"wp-block-paragraph\">Tout d&#8217;abord, o\u00f9 passez-vous votre entretien? Dans une entreprise nouveau genre ou dans une entreprise traditionnelle? Le type d&#8217;entreprise \u00e0 laquelle vous postulez aura une incidence sur le choix de votre habillement. Une simple recherche pr\u00e9alable vous permettra d\u2019obtenir des renseignements sur la culture d&#8217;entreprise. Une fois que vous avez d\u00e9termin\u00e9 le code vestimentaire, choisissez une tenue l\u00e9g\u00e8rement plus formelle que celle des autres. Ajouter une veste pour compl\u00e9ter l&#8217;ensemble sera toujours un choix \u00e9l\u00e9gant et classique.<\/p>\n\n\n\n<p class=\"wp-block-paragraph\"><strong>Mesdames,<\/strong><br>Ciblez toujours votre choix vestimentaire du c\u00f4t\u00e9 conservateur. Habillez-vous de mani\u00e8re professionnelle, en \u00e9vitant les bretelles fines, les d\u00e9collet\u00e9s plongeants, les robes moulantes ou les jupes courtes. Tout ce qui est trop r\u00e9v\u00e9lateur sera imm\u00e9diatement rejet\u00e9. Vous devez adopter un style conservateur et appropri\u00e9 au travail.<\/p>\n\n\n\n<p class=\"wp-block-paragraph\">Il est g\u00e9n\u00e9ralement conseill\u00e9 de porter un costume pour un entretien en entreprise, tandis qu&#8217;une tenue plus d\u00e9contract\u00e9e vous conviendra mieux si l\u2019entretien est dans une jeune entreprise. Assurez-vous que vos chemises et pantalons sont exempts de plis et de taches \u00e0 votre arriv\u00e9e.<\/p>\n\n\n\n<p class=\"wp-block-paragraph\">Si votre pantalon ou votre jupe comporte une ceinture, veillez \u00e0 porter une ceinture assortie \u00e0 vos chaussures.<\/p>\n\n\n\n<h2 class=\"wp-block-heading\">Accessoires<\/h2>\n\n\n\n<p class=\"wp-block-paragraph\">En ce qui concerne les bijoux, moins c&#8217;est plus; car tout comme le maquillage, les accessoires doivent mettre en valeur, sans \u00eatre accaparants. \u00c9vitez les boucles d&#8217;oreilles pendantes ou les anneaux imposants, les bagues volumineuses et les bras charg\u00e9s de bracelets &#8211; tout ce qui peut distraire ou faire du bruit lorsque vous les touchez.<\/p>\n\n\n\n<p class=\"wp-block-paragraph\">Une cravate peut exprimer votre personnalit\u00e9, mais elle peut aussi \u00eatre une distraction. &#8220;J&#8217;adore une cravate audacieuse pour d&#8217;autres occasions, mais pour un entretien, vous n&#8217;avez pas besoin de distractions&#8221;, d\u00e9clare Marnie Pertsinidis, responsable de compte chez Procom. &#8220;De plus, chacun a une id\u00e9e diff\u00e9rente de ce qui est audacieux, il vaut donc mieux privil\u00e9gier un style conservateur.&#8221; Avant de sortir, v\u00e9rifiez bien que vous n&#8217;avez pas de taches ou de plis sur vos v\u00eatements et que votre chemise est correctement rentr\u00e9e.<\/p>\n\n\n\n<h2 class=\"wp-block-heading\">Chaussures<\/h2>\n\n\n\n<p class=\"wp-block-paragraph\"><strong>Mesdames,<\/strong><br>Voici une r\u00e8gle g\u00e9n\u00e9rale \u00e0 suivre lors des entretiens : les chaussures ouvertes sont \u00e0 \u00e9viter, et les talons aiguilles sont pr\u00e9f\u00e9rables dans le placard. Val\u00e9rie conseille : &#8220;Les chaussures us\u00e9es ou n\u00e9glig\u00e9es et les talons trop hauts sont toujours \u00e0 proscrire. Mesdames, si les embouts en caoutchouc de vos talons sont us\u00e9s, faites-les r\u00e9parer chez le cordonnier!&#8221;<\/p>\n\n\n\n<p class=\"wp-block-paragraph\"><strong>Messieurs,<\/strong><br>Veillez \u00e0 ce que vos chaussures de ville soient assorties \u00e0 ce que vous portez et \u00e0 ce qu&#8217;elles ne pr\u00e9sentent pas d&#8217;\u00e9raflures, de taches, de boue ou de salissures notables.<\/p>\n\n\n\n<p class=\"wp-block-paragraph\">Lorsque vous vous habillez pour impressionner, il est \u00e9galement important d&#8217;utiliser le bon sens et d&#8217;adapter votre apparence \u00e0 l&#8217;emploi lui-m\u00eame et \u00e0 l&#8217;industrie. Par exemple, si vous recherchez un emploi dans la mode, il existe des normes vestimentaires plus acceptables que si vous postulez pour un poste dans le milieu de la finance.<\/p>\n\n\n\n<p class=\"has-text-align-center wp-block-paragraph\">Travaillez-vous avec une agence de dotation en personnel pour trouver votre prochaine opportunit\u00e9?<\/p>\n\n\n\n<p class=\"wp-block-paragraph\"><a href=\"https:\/\/portal.procomservices.com\/jobs\"><br>Trouver un emploi<br><\/a><\/p>\n\n\n\n        <style>\n            [data-hsfc-id=Renderer] .hsfc-Step .hsfc-Step__Content {\n                padding-top: 0;\n            }\n            [data-hsfc-id=Renderer] .hsfc-PostSubmit .hsfc-RichText {\n                display: block;\n            }\n\t\t\t.content-single .hs-form-html .hsfc-RichText span {\n            \tcolor: #fff;\n            }\n            #form-heading {\n                background-image: linear-gradient(to left, rgb(0, 92, 185), rgb(0, 23, 46));\n                margin-bottom: 0;\n                font-weight: 700;\n\t\t\t\tfont-size: 42px !important;\n                line-height: 50.4px;\n                color: #fff;\n                text-align: center;\n\n                padding-top: 40px;\n\t\t\t\tpadding-left: 40px;\n\t\t\t\tpadding-right: 40px;\n            }\n\t\t\t#form-heading +div{\n\t\t\t\tmargin-top: 0px;\n\t\t\t}\n\t\t\t:root :where(.is-layout-flow.no-marg-t) > * {\n\t\t\t\tmargin-top: 0 !important;\n\t\t\t}\n\t\t\t.wp-block-group.hs-form-group {\n\t\t\t\tdisplay: block;\n\t\t\t}\n\t\t\t.wp-block-group.hs-form-group.is-visible {\n\t\t\t\tdisplay: block;\n\t\t\t}\n        <\/style>\n\n        <div class=\"\" id=\"form-heading\">\n            Pr\u00eat \u00e0 vous connecter ?        <\/div>\n\n        <script \n            src=\"https:\/\/js.hsforms.net\/forms\/embed\/developer\/3013010.js\"\n            defer>\n        <\/script>\n\n        <div class=\"hs-form-html 3b73dba1-c657-4b7a-9e28-e7a79eefc625\"\n             data-region=\"na1\"\n             data-form-id=\"3b73dba1-c657-4b7a-9e28-e7a79eefc625\"\n             data-portal-id=\"3013010\">\n        <\/div>\n\n\t\t\n        \n","protected":false},"excerpt":{"rendered":"<p>33 % des responsables du recrutement admettent rejeter mentalement des candidats dans les 90 premi\u00e8res secondes de leur rencontre, et leur d\u00e9cision ne d\u00e9pend pas de leur exp\u00e9rience ou de leurs qualifications. Le CV est la premi\u00e8re impression professionnelle d&#8217;un demandeur d&#8217;emploi ; cependant, la fa\u00e7on dont les candidats se pr\u00e9sentent lors du premier entretien&#8230;<\/p>\n","protected":false},"author":21,"featured_media":1683,"comment_status":"closed","ping_status":"closed","sticky":false,"template":"","format":"standard","meta":{"_acf_changed":false,"_crdt_document":"","inline_featured_image":false,"footnotes":""},"categories":[1038],"tags":[1064],"class_list":["post-7898","post","type-post","status-publish","format-standard","has-post-thumbnail","hentry","category-chercheureuses-demploi"],"acf":[],"yoast_head":"<!-- This site is optimized with the Yoast SEO plugin v27.1.1 - https:\/\/yoast.com\/product\/yoast-seo-wordpress\/ -->\n<title>Comment s&#039;habiller pour un entretien d&#039;embauche - Procom<\/title>\n<meta name=\"description\" content=\"33 % des responsables du recrutement admettent rejeter mentalement des candidats dans les 90 premi\u00e8res secondes de leur rencontre, et leur d\u00e9cision ne\" \/>\n<meta name=\"robots\" content=\"index, follow, max-snippet:-1, max-image-preview:large, max-video-preview:-1\" \/>\n<link rel=\"canonical\" href=\"https:\/\/procomservices.com\/fr-ca\/insights\/comment-shabiller-pour-un-entretien-dembauche\/\" \/>\n<meta property=\"og:locale\" content=\"fr_CA\" \/>\n<meta property=\"og:type\" content=\"article\" \/>\n<meta property=\"og:title\" content=\"Comment s&#039;habiller pour un entretien d&#039;embauche - Procom\" \/>\n<meta property=\"og:description\" content=\"33 % des responsables du recrutement admettent rejeter mentalement des candidats dans les 90 premi\u00e8res secondes de leur rencontre, et leur d\u00e9cision ne\" \/>\n<meta property=\"og:url\" content=\"https:\/\/procomservices.com\/fr-ca\/insights\/comment-shabiller-pour-un-entretien-dembauche\/\" \/>\n<meta property=\"og:site_name\" content=\"Procom\" \/>\n<meta property=\"article:publisher\" content=\"https:\/\/www.facebook.com\/ProcomConsultantsGroup\/\" \/>\n<meta property=\"article:published_time\" content=\"2019-08-23T12:18:00+00:00\" \/>\n<meta property=\"article:modified_time\" content=\"2025-11-20T14:59:24+00:00\" \/>\n<meta property=\"og:image\" content=\"https:\/\/procomservices.com\/wp-content\/uploads\/2025\/06\/job-interview-fashion.jpg\" \/>\n\t<meta property=\"og:image:width\" content=\"1350\" \/>\n\t<meta property=\"og:image:height\" content=\"900\" \/>\n\t<meta property=\"og:image:type\" content=\"image\/jpeg\" \/>\n<meta name=\"author\" content=\"Dylan.Fedy@Procomservices.com\" \/>\n<meta name=\"twitter:card\" content=\"summary_large_image\" \/>\n<meta name=\"twitter:creator\" content=\"@Procom\" \/>\n<meta name=\"twitter:site\" content=\"@Procom\" \/>\n<meta name=\"twitter:label1\" content=\"Written by\" \/>\n\t<meta name=\"twitter:data1\" content=\"Dylan.Fedy@Procomservices.com\" \/>\n\t<meta name=\"twitter:label2\" content=\"Est. reading time\" \/>\n\t<meta name=\"twitter:data2\" content=\"6 minutes\" \/>\n<script type=\"application\/ld+json\" class=\"yoast-schema-graph\">{\"@context\":\"https:\/\/schema.org\",\"@graph\":[{\"@type\":\"Article\",\"@id\":\"https:\/\/procomservices.com\/fr-ca\/insights\/comment-shabiller-pour-un-entretien-dembauche\/#article\",\"isPartOf\":{\"@id\":\"https:\/\/procomservices.com\/fr-ca\/insights\/comment-shabiller-pour-un-entretien-dembauche\/\"},\"author\":{\"name\":\"Dylan.Fedy@Procomservices.com\",\"@id\":\"https:\/\/procomservices.com\/fr-ca\/#\/schema\/person\/2bce332c68bf16842df6b2b00efd189c\"},\"headline\":\"Comment s&#8217;habiller pour un entretien d&#8217;embauche\",\"datePublished\":\"2019-08-23T12:18:00+00:00\",\"dateModified\":\"2025-11-20T14:59:24+00:00\",\"mainEntityOfPage\":{\"@id\":\"https:\/\/procomservices.com\/fr-ca\/insights\/comment-shabiller-pour-un-entretien-dembauche\/\"},\"wordCount\":976,\"publisher\":{\"@id\":\"https:\/\/procomservices.com\/fr-ca\/#organization\"},\"image\":{\"@id\":\"https:\/\/procomservices.com\/fr-ca\/insights\/comment-shabiller-pour-un-entretien-dembauche\/#primaryimage\"},\"thumbnailUrl\":\"https:\/\/procomservices.com\/wp-content\/uploads\/2025\/06\/job-interview-fashion.jpg\",\"keywords\":[\"Chercheur\u00b7euses d\u2019emploi\"],\"articleSection\":[\"Chercheur\u00b7euses d'emploi\"],\"inLanguage\":\"fr-ca\"},{\"@type\":\"WebPage\",\"@id\":\"https:\/\/procomservices.com\/fr-ca\/insights\/comment-shabiller-pour-un-entretien-dembauche\/\",\"url\":\"https:\/\/procomservices.com\/fr-ca\/insights\/comment-shabiller-pour-un-entretien-dembauche\/\",\"name\":\"Comment s'habiller pour un entretien d'embauche - Procom\",\"isPartOf\":{\"@id\":\"https:\/\/procomservices.com\/fr-ca\/#website\"},\"primaryImageOfPage\":{\"@id\":\"https:\/\/procomservices.com\/fr-ca\/insights\/comment-shabiller-pour-un-entretien-dembauche\/#primaryimage\"},\"image\":{\"@id\":\"https:\/\/procomservices.com\/fr-ca\/insights\/comment-shabiller-pour-un-entretien-dembauche\/#primaryimage\"},\"thumbnailUrl\":\"https:\/\/procomservices.com\/wp-content\/uploads\/2025\/06\/job-interview-fashion.jpg\",\"datePublished\":\"2019-08-23T12:18:00+00:00\",\"dateModified\":\"2025-11-20T14:59:24+00:00\",\"description\":\"33 % des responsables du recrutement admettent rejeter mentalement des candidats dans les 90 premi\u00e8res secondes de leur rencontre, et leur d\u00e9cision ne\",\"breadcrumb\":{\"@id\":\"https:\/\/procomservices.com\/fr-ca\/insights\/comment-shabiller-pour-un-entretien-dembauche\/#breadcrumb\"},\"inLanguage\":\"fr-ca\",\"potentialAction\":[{\"@type\":\"ReadAction\",\"target\":[\"https:\/\/procomservices.com\/fr-ca\/insights\/comment-shabiller-pour-un-entretien-dembauche\/\"]}]},{\"@type\":\"ImageObject\",\"inLanguage\":\"fr-ca\",\"@id\":\"https:\/\/procomservices.com\/fr-ca\/insights\/comment-shabiller-pour-un-entretien-dembauche\/#primaryimage\",\"url\":\"https:\/\/procomservices.com\/wp-content\/uploads\/2025\/06\/job-interview-fashion.jpg\",\"contentUrl\":\"https:\/\/procomservices.com\/wp-content\/uploads\/2025\/06\/job-interview-fashion.jpg\",\"width\":1350,\"height\":900},{\"@type\":\"BreadcrumbList\",\"@id\":\"https:\/\/procomservices.com\/fr-ca\/insights\/comment-shabiller-pour-un-entretien-dembauche\/#breadcrumb\",\"itemListElement\":[{\"@type\":\"ListItem\",\"position\":1,\"name\":\"Home\",\"item\":\"https:\/\/procomservices.com\/fr-ca\/\"},{\"@type\":\"ListItem\",\"position\":2,\"name\":\"Comment s&#8217;habiller pour un entretien d&#8217;embauche\"}]},{\"@type\":\"WebSite\",\"@id\":\"https:\/\/procomservices.com\/fr-ca\/#website\",\"url\":\"https:\/\/procomservices.com\/fr-ca\/\",\"name\":\"Procom\",\"description\":\"\",\"publisher\":{\"@id\":\"https:\/\/procomservices.com\/fr-ca\/#organization\"},\"potentialAction\":[{\"@type\":\"SearchAction\",\"target\":{\"@type\":\"EntryPoint\",\"urlTemplate\":\"https:\/\/procomservices.com\/fr-ca\/?s={search_term_string}\"},\"query-input\":{\"@type\":\"PropertyValueSpecification\",\"valueRequired\":true,\"valueName\":\"search_term_string\"}}],\"inLanguage\":\"fr-ca\"},{\"@type\":\"Organization\",\"@id\":\"https:\/\/procomservices.com\/fr-ca\/#organization\",\"name\":\"Procom\",\"url\":\"https:\/\/procomservices.com\/fr-ca\/\",\"logo\":{\"@type\":\"ImageObject\",\"inLanguage\":\"fr-ca\",\"@id\":\"https:\/\/procomservices.com\/fr-ca\/#\/schema\/logo\/image\/\",\"url\":\"https:\/\/procomservices.com\/wp-content\/uploads\/2025\/09\/Procom_Logomark_CMYK@2x.jpg\",\"contentUrl\":\"https:\/\/procomservices.com\/wp-content\/uploads\/2025\/09\/Procom_Logomark_CMYK@2x.jpg\",\"width\":1205,\"height\":807,\"caption\":\"Procom\"},\"image\":{\"@id\":\"https:\/\/procomservices.com\/fr-ca\/#\/schema\/logo\/image\/\"},\"sameAs\":[\"https:\/\/www.facebook.com\/ProcomConsultantsGroup\/\",\"https:\/\/x.com\/Procom\"]},{\"@type\":\"Person\",\"@id\":\"https:\/\/procomservices.com\/fr-ca\/#\/schema\/person\/2bce332c68bf16842df6b2b00efd189c\",\"name\":\"Dylan.Fedy@Procomservices.com\",\"image\":{\"@type\":\"ImageObject\",\"inLanguage\":\"fr-ca\",\"@id\":\"https:\/\/procomservices.com\/fr-ca\/#\/schema\/person\/image\/\",\"url\":\"https:\/\/secure.gravatar.com\/avatar\/9d8bdb884bad794f1da0b4c86f3b2ea2d1c14732916592784f8af4d706e4bf64?s=96&d=mm&r=g\",\"contentUrl\":\"https:\/\/secure.gravatar.com\/avatar\/9d8bdb884bad794f1da0b4c86f3b2ea2d1c14732916592784f8af4d706e4bf64?s=96&d=mm&r=g\",\"caption\":\"Dylan.Fedy@Procomservices.com\"}}]}<\/script>\n<!-- \/ Yoast SEO plugin. -->","yoast_head_json":{"title":"Comment s'habiller pour un entretien d'embauche - Procom","description":"33 % des responsables du recrutement admettent rejeter mentalement des candidats dans les 90 premi\u00e8res secondes de leur rencontre, et leur d\u00e9cision ne","robots":{"index":"index","follow":"follow","max-snippet":"max-snippet:-1","max-image-preview":"max-image-preview:large","max-video-preview":"max-video-preview:-1"},"canonical":"https:\/\/procomservices.com\/fr-ca\/insights\/comment-shabiller-pour-un-entretien-dembauche\/","og_locale":"fr_CA","og_type":"article","og_title":"Comment s'habiller pour un entretien d'embauche - Procom","og_description":"33 % des responsables du recrutement admettent rejeter mentalement des candidats dans les 90 premi\u00e8res secondes de leur rencontre, et leur d\u00e9cision ne","og_url":"https:\/\/procomservices.com\/fr-ca\/insights\/comment-shabiller-pour-un-entretien-dembauche\/","og_site_name":"Procom","article_publisher":"https:\/\/www.facebook.com\/ProcomConsultantsGroup\/","article_published_time":"2019-08-23T12:18:00+00:00","article_modified_time":"2025-11-20T14:59:24+00:00","og_image":[{"width":1350,"height":900,"url":"https:\/\/procomservices.com\/wp-content\/uploads\/2025\/06\/job-interview-fashion.jpg","type":"image\/jpeg"}],"author":"Dylan.Fedy@Procomservices.com","twitter_card":"summary_large_image","twitter_creator":"@Procom","twitter_site":"@Procom","twitter_misc":{"Written by":"Dylan.Fedy@Procomservices.com","Est. reading time":"6 minutes"},"schema":{"@context":"https:\/\/schema.org","@graph":[{"@type":"Article","@id":"https:\/\/procomservices.com\/fr-ca\/insights\/comment-shabiller-pour-un-entretien-dembauche\/#article","isPartOf":{"@id":"https:\/\/procomservices.com\/fr-ca\/insights\/comment-shabiller-pour-un-entretien-dembauche\/"},"author":{"name":"Dylan.Fedy@Procomservices.com","@id":"https:\/\/procomservices.com\/fr-ca\/#\/schema\/person\/2bce332c68bf16842df6b2b00efd189c"},"headline":"Comment s&#8217;habiller pour un entretien d&#8217;embauche","datePublished":"2019-08-23T12:18:00+00:00","dateModified":"2025-11-20T14:59:24+00:00","mainEntityOfPage":{"@id":"https:\/\/procomservices.com\/fr-ca\/insights\/comment-shabiller-pour-un-entretien-dembauche\/"},"wordCount":976,"publisher":{"@id":"https:\/\/procomservices.com\/fr-ca\/#organization"},"image":{"@id":"https:\/\/procomservices.com\/fr-ca\/insights\/comment-shabiller-pour-un-entretien-dembauche\/#primaryimage"},"thumbnailUrl":"https:\/\/procomservices.com\/wp-content\/uploads\/2025\/06\/job-interview-fashion.jpg","keywords":["Chercheur\u00b7euses d\u2019emploi"],"articleSection":["Chercheur\u00b7euses d'emploi"],"inLanguage":"fr-ca"},{"@type":"WebPage","@id":"https:\/\/procomservices.com\/fr-ca\/insights\/comment-shabiller-pour-un-entretien-dembauche\/","url":"https:\/\/procomservices.com\/fr-ca\/insights\/comment-shabiller-pour-un-entretien-dembauche\/","name":"Comment s'habiller pour un entretien d'embauche - Procom","isPartOf":{"@id":"https:\/\/procomservices.com\/fr-ca\/#website"},"primaryImageOfPage":{"@id":"https:\/\/procomservices.com\/fr-ca\/insights\/comment-shabiller-pour-un-entretien-dembauche\/#primaryimage"},"image":{"@id":"https:\/\/procomservices.com\/fr-ca\/insights\/comment-shabiller-pour-un-entretien-dembauche\/#primaryimage"},"thumbnailUrl":"https:\/\/procomservices.com\/wp-content\/uploads\/2025\/06\/job-interview-fashion.jpg","datePublished":"2019-08-23T12:18:00+00:00","dateModified":"2025-11-20T14:59:24+00:00","description":"33 % des responsables du recrutement admettent rejeter mentalement des candidats dans les 90 premi\u00e8res secondes de leur rencontre, et leur d\u00e9cision ne","breadcrumb":{"@id":"https:\/\/procomservices.com\/fr-ca\/insights\/comment-shabiller-pour-un-entretien-dembauche\/#breadcrumb"},"inLanguage":"fr-ca","potentialAction":[{"@type":"ReadAction","target":["https:\/\/procomservices.com\/fr-ca\/insights\/comment-shabiller-pour-un-entretien-dembauche\/"]}]},{"@type":"ImageObject","inLanguage":"fr-ca","@id":"https:\/\/procomservices.com\/fr-ca\/insights\/comment-shabiller-pour-un-entretien-dembauche\/#primaryimage","url":"https:\/\/procomservices.com\/wp-content\/uploads\/2025\/06\/job-interview-fashion.jpg","contentUrl":"https:\/\/procomservices.com\/wp-content\/uploads\/2025\/06\/job-interview-fashion.jpg","width":1350,"height":900},{"@type":"BreadcrumbList","@id":"https:\/\/procomservices.com\/fr-ca\/insights\/comment-shabiller-pour-un-entretien-dembauche\/#breadcrumb","itemListElement":[{"@type":"ListItem","position":1,"name":"Home","item":"https:\/\/procomservices.com\/fr-ca\/"},{"@type":"ListItem","position":2,"name":"Comment s&#8217;habiller pour un entretien d&#8217;embauche"}]},{"@type":"WebSite","@id":"https:\/\/procomservices.com\/fr-ca\/#website","url":"https:\/\/procomservices.com\/fr-ca\/","name":"Procom","description":"","publisher":{"@id":"https:\/\/procomservices.com\/fr-ca\/#organization"},"potentialAction":[{"@type":"SearchAction","target":{"@type":"EntryPoint","urlTemplate":"https:\/\/procomservices.com\/fr-ca\/?s={search_term_string}"},"query-input":{"@type":"PropertyValueSpecification","valueRequired":true,"valueName":"search_term_string"}}],"inLanguage":"fr-ca"},{"@type":"Organization","@id":"https:\/\/procomservices.com\/fr-ca\/#organization","name":"Procom","url":"https:\/\/procomservices.com\/fr-ca\/","logo":{"@type":"ImageObject","inLanguage":"fr-ca","@id":"https:\/\/procomservices.com\/fr-ca\/#\/schema\/logo\/image\/","url":"https:\/\/procomservices.com\/wp-content\/uploads\/2025\/09\/Procom_Logomark_CMYK@2x.jpg","contentUrl":"https:\/\/procomservices.com\/wp-content\/uploads\/2025\/09\/Procom_Logomark_CMYK@2x.jpg","width":1205,"height":807,"caption":"Procom"},"image":{"@id":"https:\/\/procomservices.com\/fr-ca\/#\/schema\/logo\/image\/"},"sameAs":["https:\/\/www.facebook.com\/ProcomConsultantsGroup\/","https:\/\/x.com\/Procom"]},{"@type":"Person","@id":"https:\/\/procomservices.com\/fr-ca\/#\/schema\/person\/2bce332c68bf16842df6b2b00efd189c","name":"Dylan.Fedy@Procomservices.com","image":{"@type":"ImageObject","inLanguage":"fr-ca","@id":"https:\/\/procomservices.com\/fr-ca\/#\/schema\/person\/image\/","url":"https:\/\/secure.gravatar.com\/avatar\/9d8bdb884bad794f1da0b4c86f3b2ea2d1c14732916592784f8af4d706e4bf64?s=96&d=mm&r=g","contentUrl":"https:\/\/secure.gravatar.com\/avatar\/9d8bdb884bad794f1da0b4c86f3b2ea2d1c14732916592784f8af4d706e4bf64?s=96&d=mm&r=g","caption":"Dylan.Fedy@Procomservices.com"}}]}},"_links":{"self":[{"href":"https:\/\/procomservices.com\/fr-ca\/wp-json\/wp\/v2\/posts\/7898","targetHints":{"allow":["GET"]}}],"collection":[{"href":"https:\/\/procomservices.com\/fr-ca\/wp-json\/wp\/v2\/posts"}],"about":[{"href":"https:\/\/procomservices.com\/fr-ca\/wp-json\/wp\/v2\/types\/post"}],"author":[{"embeddable":true,"href":"https:\/\/procomservices.com\/fr-ca\/wp-json\/wp\/v2\/users\/21"}],"replies":[{"embeddable":true,"href":"https:\/\/procomservices.com\/fr-ca\/wp-json\/wp\/v2\/comments?post=7898"}],"version-history":[{"count":3,"href":"https:\/\/procomservices.com\/fr-ca\/wp-json\/wp\/v2\/posts\/7898\/revisions"}],"predecessor-version":[{"id":23160,"href":"https:\/\/procomservices.com\/fr-ca\/wp-json\/wp\/v2\/posts\/7898\/revisions\/23160"}],"wp:featuredmedia":[{"embeddable":true,"href":"https:\/\/procomservices.com\/fr-ca\/wp-json\/wp\/v2\/media\/1683"}],"wp:attachment":[{"href":"https:\/\/procomservices.com\/fr-ca\/wp-json\/wp\/v2\/media?parent=7898"}],"wp:term":[{"taxonomy":"category","embeddable":true,"href":"https:\/\/procomservices.com\/fr-ca\/wp-json\/wp\/v2\/categories?post=7898"},{"taxonomy":"post_tag","embeddable":true,"href":"https:\/\/procomservices.com\/fr-ca\/wp-json\/wp\/v2\/tags?post=7898"}],"curies":[{"name":"wp","href":"https:\/\/api.w.org\/{rel}","templated":true}]}}